{"id":52473,"date":"2024-11-19T18:19:00","date_gmt":"2024-11-19T21:19:00","guid":{"rendered":"https:\/\/www.radiopresidenteibanez.cl\/web\/?p=52473"},"modified":"2024-11-19T15:22:25","modified_gmt":"2024-11-19T18:22:25","slug":"afiliados-a-bienestar-del-hospital-de-natales-recibieron-reconocimiento","status":"publish","type":"post","link":"https:\/\/www.radiopresidenteibanez.cl\/web\/afiliados-a-bienestar-del-hospital-de-natales-recibieron-reconocimiento\/","title":{"rendered":"Afiliados a Bienestar del Hospital de Natales recibieron reconocimiento"},"content":{"rendered":"\n<p>El pasado viernes 15 de noviembre, afiliados al Servicio de<br>Bienestar pertenecientes al Hospital Dr. Augusto Essmann Burgos,<br>fueron premiados por su antig\u00fcedad laboral en el Servicio de Salud<br>Magallanes.<br>La referente de Bienestar del hospital natalino, Paulina Radich,<br>indic\u00f3 que se premi\u00f3 a funcionarios y funcionarias que cumplieron<br>entre 15 y 40 a\u00f1os de servicio y les envi\u00f3 \u201cun cari\u00f1oso saludo y<br>felicidades en una etapa m\u00e1s de sus vidas. Adem\u00e1s, les<br>agradecemos por ser parte del servicio de Bienestar\u201d.<br>En la instancia tambi\u00e9n particip\u00f3 la jefa de la Unidad de Bienestar<br>del Servicio de Salud Magallanes, Ercilda Navarrete, quien expres\u00f3<br>que como unidad \u201csiempre estamos preocupados de llegar a ellos y<br>ayudarles a trav\u00e9s de convenios y beneficios dentro de la comuna,<br>para que puedan acceder a actividades paralelas de sus funciones<br>dentro del hospital\u201d.<br>Por su parte, la directora (s) del Hospital de Natales, Marcela<br>Contreras, se\u00f1al\u00f3 que, \u201cUna vez m\u00e1s estamos muy contentos de<br>poder reconocer a los funcionarios que han tenido una trayectoria<br>bastante larga en este hospital. Tambi\u00e9n es una instancia para<br>destacar c\u00f3mo estas personas han ido avanzando en sus etapas<\/p>\n\n\n\n<p>laborales en conjunto en lo que tenga que ver con su familia y<br>todos los beneficios a los que pueden acceder mediante Bienestar\u201d,<br>finaliz\u00f3.<\/p>\n","protected":false},"excerpt":{"rendered":"<p>El pasado viernes 15 de noviembre, afiliados al Servicio deBienestar pertenecientes al Hospital Dr. Augusto Essmann Burgos,fueron premiados por su antig\u00fcedad laboral en el Servicio de SaludMagallanes.La referente de Bienestar&#8230; <a class=\"read-more\" href=\"https:\/\/www.radiopresidenteibanez.cl\/web\/afiliados-a-bienestar-del-hospital-de-natales-recibieron-reconocimiento\/\">Leer m\u00e1s<\/a><\/p>\n","protected":false},"author":2,"featured_media":52474,"comment_status":"closed","ping_status":"closed","sticky":false,"template":"","format":"standard","meta":{"footnotes":""},"categories":[1],"tags":[],"class_list":["post-52473","post","type-post","status-publish","format-standard","has-post-thumbnail","hentry","category-cronica"],"_links":{"self":[{"href":"https:\/\/www.radiopresidenteibanez.cl\/web\/wp-json\/wp\/v2\/posts\/52473","targetHints":{"allow":["GET"]}}],"collection":[{"href":"https:\/\/www.radiopresidenteibanez.cl\/web\/wp-json\/wp\/v2\/posts"}],"about":[{"href":"https:\/\/www.radiopresidenteibanez.cl\/web\/wp-json\/wp\/v2\/types\/post"}],"author":[{"embeddable":true,"href":"https:\/\/www.radiopresidenteibanez.cl\/web\/wp-json\/wp\/v2\/users\/2"}],"replies":[{"embeddable":true,"href":"https:\/\/www.radiopresidenteibanez.cl\/web\/wp-json\/wp\/v2\/comments?post=52473"}],"version-history":[{"count":0,"href":"https:\/\/www.radiopresidenteibanez.cl\/web\/wp-json\/wp\/v2\/posts\/52473\/revisions"}],"wp:featuredmedia":[{"embeddable":true,"href":"https:\/\/www.radiopresidenteibanez.cl\/web\/wp-json\/wp\/v2\/media\/52474"}],"wp:attachment":[{"href":"https:\/\/www.radiopresidenteibanez.cl\/web\/wp-json\/wp\/v2\/media?parent=52473"}],"wp:term":[{"taxonomy":"category","embeddable":true,"href":"https:\/\/www.radiopresidenteibanez.cl\/web\/wp-json\/wp\/v2\/categories?post=52473"},{"taxonomy":"post_tag","embeddable":true,"href":"https:\/\/www.radiopresidenteibanez.cl\/web\/wp-json\/wp\/v2\/tags?post=52473"}],"curies":[{"name":"wp","href":"https:\/\/api.w.org\/{rel}","templated":true}]}}