{"id":52425,"date":"2024-11-18T12:12:00","date_gmt":"2024-11-18T15:12:00","guid":{"rendered":"https:\/\/www.radiopresidenteibanez.cl\/web\/?p=52425"},"modified":"2024-11-18T11:40:00","modified_gmt":"2024-11-18T14:40:00","slug":"minvu-inicia-estudio-participativo-de-zona-de-interes-publico-sector-sur-de-punta-arenas","status":"publish","type":"post","link":"https:\/\/www.radiopresidenteibanez.cl\/web\/minvu-inicia-estudio-participativo-de-zona-de-interes-publico-sector-sur-de-punta-arenas\/","title":{"rendered":"MINVU inicia estudio participativo de Zona de Inter\u00e9s publico sector sur de Punta Arenas"},"content":{"rendered":"\n<p>Las Zonas de Inter\u00e9s P\u00fablico (ZIP), son una herramienta<br>de planificaci\u00f3n territorial creada por el Ministerio de Vivienda y Urbanismo con el objetivo de<br>focalizar la inversi\u00f3n del sector p\u00fablico en un \u00e1rea deficitaria de la comuna, favoreciendo la<br>integraci\u00f3n social y urbana de las ciudades.<br>Una de las 40 Zonas de Inter\u00e9s P\u00fablico (ZIP) definidas a nivel nacional, se ubica en el sector sur de<br>Punta Arenas, abarcando un \u00e1rea de 680 hect\u00e1reas, donde se aprecia un sostenido crecimiento<br>habitacional y a\u00fan se observan altos \u00edndices de d\u00e9ficit urbano en infraestructura, servicios y<br>espacios p\u00fablicos.<br>El Seremi de Vivienda y Urbanismo, Marco Uribe Saldivia, inform\u00f3 \u201cEl objetivo principal de este<br>estudio es elaborar un plan maestro de desarrollo urbano con los principios del Plan de Ciudades<br>Justas del Minvu, donde se lleve a cabo una planificaci\u00f3n integrada y multisectorial que focalice la<br>inversi\u00f3n p\u00fablica en proyectos que favorezcan la cohesi\u00f3n social, la sostenibilidad ambiental, la<br>accesibilidad y seguridad en los barrios ubicados en el sector sur de Punta Arenas y la ciudad en su conjunto\u201d. <\/p>\n\n\n\n<p>La primera jornada de participaci\u00f3n ciudadana que forma parte de la etapa de diagn\u00f3stico, tendr\u00e1<br>lugar el martes 19 de noviembre, a las 18:30 horas, en la sede de la junta de vecinos Archipi\u00e9lago<br>de Chilo\u00e9, ubicada en Santa Juana N\u00b0289, Punta Arenas.<br>Cabe se\u00f1alar que el Ministerio de Vivienda y Urbanismo est\u00e1 desarrollando un Plan Urbano<br>Habitacional dentro del \u00e1rea de estudio, donde se proyecta la construcci\u00f3n de equipamiento<br>p\u00fablico, el \u201cParque de los Vientos\u201d y la construcci\u00f3n de barrios integrados para sectores medios y<br>vulnerables, que albergar\u00e1n alrededor de 700 viviendas, de las cuales ya se dio inicio a las primeras<br>250 en el proyecto habitacional \u201cCiudad de los Vientos\u201d.<br>El estudio ZIP sector sur de Punta Arenas, fue adjudicado v\u00eda licitaci\u00f3n p\u00fablica a Bresciani y Co-<br>Habitar Consultoras, es financiado por el Gobierno Regional de Magallanes y de la Ant\u00e1rtica Chilena y su unidad t\u00e9cnica es el Departamento de Desarrollo Urbano de la Seremi de Vivienda y<br>Urbanismo.<\/p>\n","protected":false},"excerpt":{"rendered":"<p>Las Zonas de Inter\u00e9s P\u00fablico (ZIP), son una herramientade planificaci\u00f3n territorial creada por el Ministerio de Vivienda y Urbanismo con el objetivo defocalizar la inversi\u00f3n del sector p\u00fablico en un&#8230; <a class=\"read-more\" href=\"https:\/\/www.radiopresidenteibanez.cl\/web\/minvu-inicia-estudio-participativo-de-zona-de-interes-publico-sector-sur-de-punta-arenas\/\">Leer m\u00e1s<\/a><\/p>\n","protected":false},"author":2,"featured_media":52426,"comment_status":"closed","ping_status":"closed","sticky":false,"template":"","format":"standard","meta":{"footnotes":""},"categories":[1],"tags":[],"class_list":["post-52425","post","type-post","status-publish","format-standard","has-post-thumbnail","hentry","category-cronica"],"_links":{"self":[{"href":"https:\/\/www.radiopresidenteibanez.cl\/web\/wp-json\/wp\/v2\/posts\/52425","targetHints":{"allow":["GET"]}}],"collection":[{"href":"https:\/\/www.radiopresidenteibanez.cl\/web\/wp-json\/wp\/v2\/posts"}],"about":[{"href":"https:\/\/www.radiopresidenteibanez.cl\/web\/wp-json\/wp\/v2\/types\/post"}],"author":[{"embeddable":true,"href":"https:\/\/www.radiopresidenteibanez.cl\/web\/wp-json\/wp\/v2\/users\/2"}],"replies":[{"embeddable":true,"href":"https:\/\/www.radiopresidenteibanez.cl\/web\/wp-json\/wp\/v2\/comments?post=52425"}],"version-history":[{"count":0,"href":"https:\/\/www.radiopresidenteibanez.cl\/web\/wp-json\/wp\/v2\/posts\/52425\/revisions"}],"wp:featuredmedia":[{"embeddable":true,"href":"https:\/\/www.radiopresidenteibanez.cl\/web\/wp-json\/wp\/v2\/media\/52426"}],"wp:attachment":[{"href":"https:\/\/www.radiopresidenteibanez.cl\/web\/wp-json\/wp\/v2\/media?parent=52425"}],"wp:term":[{"taxonomy":"category","embeddable":true,"href":"https:\/\/www.radiopresidenteibanez.cl\/web\/wp-json\/wp\/v2\/categories?post=52425"},{"taxonomy":"post_tag","embeddable":true,"href":"https:\/\/www.radiopresidenteibanez.cl\/web\/wp-json\/wp\/v2\/tags?post=52425"}],"curies":[{"name":"wp","href":"https:\/\/api.w.org\/{rel}","templated":true}]}}