{"id":52422,"date":"2024-11-18T10:56:39","date_gmt":"2024-11-18T13:56:39","guid":{"rendered":"https:\/\/www.radiopresidenteibanez.cl\/web\/?p=52422"},"modified":"2024-11-18T10:56:45","modified_gmt":"2024-11-18T13:56:45","slug":"estudiantes-secundarios-participaron-en-jornada-dememoria-y-democracia-en-puerto-natales","status":"publish","type":"post","link":"https:\/\/www.radiopresidenteibanez.cl\/web\/estudiantes-secundarios-participaron-en-jornada-dememoria-y-democracia-en-puerto-natales\/","title":{"rendered":"Estudiantes secundarios participaron en \u00abJornada deMemoria y Democracia\u00bb en Puerto Natales"},"content":{"rendered":"\n<p>A modo de cierre del proyecto de puesta en valor del Sitio de Memoria Estadio Fiscal<br>de Punta Arenas, se realiz\u00f3 el pasado viernes 15 de noviembre, una jornada dedicada a<br>la Memoria y la Democracia, para estudiantes secundarios y comunidad en general, en<br>la Biblioteca P\u00fablica Municipal N\u00ba 14 de Puerto Natales. La actividad ten\u00eda por objetivo<br>dar a conocer el trabajo de promoci\u00f3n, divulgaci\u00f3n y educaci\u00f3n en materia de<br>memoria hist\u00f3rica, derechos humanos y democracia, fortaleciendo el concepto de<br>Memoria Regional y la reflexi\u00f3n en torno a la importancia de los sitios de memoria. La<br>exposici\u00f3n estuvo a cargo del coordinador del equipo del Sitio de Memoria Estadio<br>Fiscal Punta Arenas, Rodrigo Gonz\u00e1lez, y los sobrevivientes Ren\u00e9 V\u00e1squez y Ricardo<br>Andrade, representantes de la Agrupaci\u00f3n Orlando Letelier. Participaron el delegado<br>presidencial provincial de \u00daltima Esperanza Guillermo Ruiz Santana y estudiantes de<br>tercero medio del Liceo Gabriela Mistral y de primero medio del Liceo Polit\u00e9cnico Luis<br>Cruz Mart\u00ednez.<br>La iniciativa cuenta con el financiamiento del Programa Cultura, Memoria y Derechos<br>Humanos de la Seremi de las Culturas, las Artes y el Patrimonio de la Regi\u00f3n de<br>Magallanes y Ant\u00e1rtica Chilena.<br>El Delegado presidencial provincial de \u00daltima Esperanza, Guillermo Francisco Ruiz<br>Santana, se refiri\u00f3 a la experiencia: \u201csimplemente valorar y agradecer la instancia<br>creada en este caso por la agrupaci\u00f3n Orlando Letelier en conjunto con el Ministerio<br>de la Culturas, las Artes y el Patrimonio. En representaci\u00f3n del gobierno del presidente<br>Boric, nos interesa especialmente mantener viva la memoria, fomentar el respeto a la<br>democracia, a la diferencia de opini\u00f3n, a los derechos humanos y, sobre todo, crear<br>conciencia en este caso en las y los estudiantes de lo importante y necesario que es<br>esto, adem\u00e1s que ellos comprendan que hace 50 a\u00f1os en este pa\u00eds ocurrieron una<br>serie de hechos tristes con respecto a la violaci\u00f3n a los derechos humanos, y que cada<br>uno, hoy d\u00eda, con nuestro trabajo debemos propender a que aquello no vuelva a<br>ocurrir\u201d, inst\u00f3 la autoridad provincial.<br>En la ocasi\u00f3n, estudiantes de ense\u00f1anza media pudieron escuchar de primera fuente<br>los sucesos ocurridos en el recinto de detenci\u00f3n y torturas instalado en el Estadio<br>Fiscal en los a\u00f1os 70, ya que participaron dos sobrevivientes de la dictadura; Ren\u00e9<\/p>\n\n\n\n<p>V\u00e1squez y Ricardo Andrade, quienes fueron detenidos cuando apenas ten\u00edan 15 y 17<br>a\u00f1os respectivamente. Maite Hern\u00e1ndez Alarc\u00f3n, alumna de tercero medio del Liceo<br>Gabriela Mistral, valor\u00f3 la oportunidad de asistir a la charla: \u201cme pareci\u00f3 una muy<br>buena actividad, interesante, aqu\u00ed en el Liceo s\u00ed nos pasan historia, pero no<br>mayormente sobre nuestra regi\u00f3n o de Chile en la \u00e9poca del golpe de Estado, entonces<br>me pareci\u00f3 importante, o sea igual sab\u00eda harto porque leo libros y todo eso, pero me<br>pareci\u00f3 positivo complementar mi conocimiento con esta actividad\u201d.<br>Si bien la actividad estaba enfocada en estudiantes secundarios, tambi\u00e9n era una<br>invitaci\u00f3n abierta a la comunidad, as\u00ed lleg\u00f3 Patricia Astudillo Ram\u00edrez, quien interesada<br>por la tem\u00e1tica quiso sumarse a la jornada. Patricia, vive hace m\u00e1s de veinte a\u00f1os en<br>Natales, pero proviene de Santiago y tras o\u00edr el relato de los sobrevivientes record\u00f3 su<br>experiencia para el golpe de Estado del 73. \u201cYo ten\u00eda 11 a\u00f1os, viv\u00eda en pleno centro de<br>Santiago, a seis cuadras del palacio de La Moneda y recuerdo que mi madre nos meti\u00f3<br>debajo de la cama porque empez\u00f3 el bombardeo y empezamos a sentir las<br>explosiones, despu\u00e9s de unas horas empezaron a llegar a los militares y se apostaron<br>en las afueras del pasaje donde nosotros viv\u00edamos. Eso lo recuerdo, y ahora que<br>escuch\u00e9 a estas personas contar su historia, se me vino todo esto a la mente, lo<br>recuerdo perfectamente, y tambi\u00e9n recuerdo despu\u00e9s no s\u00e9 de cu\u00e1nto tiempo haber<br>ido a ver c\u00f3mo qued\u00f3 el Palacio de La Moneda destruido por el bombardeo\u201d,<br>rememor\u00f3 la mujer. A la vez que se refiri\u00f3 a la importancia de informar y educar sobre<br>estos hechos: \u201cYo pienso que es parte de la historia de Chile, de los a\u00f1os que tuvimos<br>de dictadura, por lo tanto, debe estar plasmado en los libros de Historia en los colegios<br>tal como el combate naval de Iquique o como la vida de O\u2019Higgins y de todos nuestros<br>antepasados, pero veo que no se hace esto en los colegios y hay muchos chicos que<br>viven en la ignorancia\u201d.<br>Cada asistente a la \u2018Jornada de Memoria y Democracia\u2019 recibi\u00f3 una copia del dossier<br>del Sitio de Memoria Estadio Fiscal de Punta Arenas, donde se da cuenta del trabajo<br>realizado durante el \u00faltimo periodo, as\u00ed como tambi\u00e9n se entreg\u00f3 una cantidad para<br>repartir entre las personas que asisten a la Biblioteca Municipal Ricardo Kruger;<br>material que fue recibido por el encargado del recinto, Arnarldo Montenegro.<\/p>\n","protected":false},"excerpt":{"rendered":"<p>A modo de cierre del proyecto de puesta en valor del Sitio de Memoria Estadio Fiscalde Punta Arenas, se realiz\u00f3 el pasado viernes 15 de noviembre, una jornada dedicada ala&#8230; <a class=\"read-more\" href=\"https:\/\/www.radiopresidenteibanez.cl\/web\/estudiantes-secundarios-participaron-en-jornada-dememoria-y-democracia-en-puerto-natales\/\">Leer m\u00e1s<\/a><\/p>\n","protected":false},"author":2,"featured_media":52423,"comment_status":"closed","ping_status":"closed","sticky":false,"template":"","format":"standard","meta":{"footnotes":""},"categories":[1],"tags":[],"class_list":["post-52422","post","type-post","status-publish","format-standard","has-post-thumbnail","hentry","category-cronica"],"_links":{"self":[{"href":"https:\/\/www.radiopresidenteibanez.cl\/web\/wp-json\/wp\/v2\/posts\/52422","targetHints":{"allow":["GET"]}}],"collection":[{"href":"https:\/\/www.radiopresidenteibanez.cl\/web\/wp-json\/wp\/v2\/posts"}],"about":[{"href":"https:\/\/www.radiopresidenteibanez.cl\/web\/wp-json\/wp\/v2\/types\/post"}],"author":[{"embeddable":true,"href":"https:\/\/www.radiopresidenteibanez.cl\/web\/wp-json\/wp\/v2\/users\/2"}],"replies":[{"embeddable":true,"href":"https:\/\/www.radiopresidenteibanez.cl\/web\/wp-json\/wp\/v2\/comments?post=52422"}],"version-history":[{"count":0,"href":"https:\/\/www.radiopresidenteibanez.cl\/web\/wp-json\/wp\/v2\/posts\/52422\/revisions"}],"wp:featuredmedia":[{"embeddable":true,"href":"https:\/\/www.radiopresidenteibanez.cl\/web\/wp-json\/wp\/v2\/media\/52423"}],"wp:attachment":[{"href":"https:\/\/www.radiopresidenteibanez.cl\/web\/wp-json\/wp\/v2\/media?parent=52422"}],"wp:term":[{"taxonomy":"category","embeddable":true,"href":"https:\/\/www.radiopresidenteibanez.cl\/web\/wp-json\/wp\/v2\/categories?post=52422"},{"taxonomy":"post_tag","embeddable":true,"href":"https:\/\/www.radiopresidenteibanez.cl\/web\/wp-json\/wp\/v2\/tags?post=52422"}],"curies":[{"name":"wp","href":"https:\/\/api.w.org\/{rel}","templated":true}]}}