{"id":52368,"date":"2024-11-14T16:54:00","date_gmt":"2024-11-14T19:54:00","guid":{"rendered":"https:\/\/www.radiopresidenteibanez.cl\/web\/?p=52368"},"modified":"2024-11-14T15:22:44","modified_gmt":"2024-11-14T18:22:44","slug":"ballenas-muertas-en-la-patagonia-juzgados-declaran-admisibles-querellas-penales-presentadas-por-greenpeace-y-comunidades","status":"publish","type":"post","link":"https:\/\/www.radiopresidenteibanez.cl\/web\/ballenas-muertas-en-la-patagonia-juzgados-declaran-admisibles-querellas-penales-presentadas-por-greenpeace-y-comunidades\/","title":{"rendered":"Ballenas muertas en la Patagonia: juzgados declaran \u2018admisibles\u2019 querellas penales presentadas por Greenpeace y comunidades"},"content":{"rendered":"\n<p>Los juzgados de Letras y Garant\u00eda de Puerto Ays\u00e9n y de Garant\u00eda de Punta Arenas declararon \u201cadmisibles\u201d las querellas contra quienes resulten responsables de la muerte de dos<br>ballenas jorobadas, dadas a conocer entre los d\u00edas 29 y 30 de octubre, al interior de las \u00e1reas protegidas Parque Nacional San Rafael y Reserva Nacional Kaw\u00e9sqar, acciones que fueron presentadas el reci\u00e9n pasado lunes 11 por Greenpeace, junto a la comunidad Kaw\u00e9sqar Grupos Familiares N\u00f3madas del Mar.<br>Desde la organizaci\u00f3n ambientalista declararon estar conformes con esta declaraci\u00f3n de admisibilidad, y aseguran que representa un importante hito en materia de acceso a la justicia ambiental, tanto para las comunidades, como para la sociedad civil: \u201cNo s\u00f3lo implica que se da el \u2018vamos\u2019 oficialmente al Ministerio P\u00fablico para iniciar la investigaci\u00f3n, sino que tambi\u00e9n supone un avance importante en el reconocimiento de la ciudadan\u00eda en materia de cumplimiento de las leyes, reglamentaciones y pol\u00edticas ambientales, y su rol en la defensa de los territorios\u201d, determin\u00f3 Mat\u00edas Asun, director de Greenpeace Chile.<br>Esta acci\u00f3n legal representa un hito in\u00e9dito en la historia penal del pa\u00eds, ya que se utilizan por primera vez las modificaciones introducidas por la Ley 21.595 de Delitos Econ\u00f3micos y Medioambientales al C\u00f3digo Penal para querellarse por posibles infracciones ocurridas al interior de \u00e1reas protegidas. En este cuerpo legal, se menciona claramente que las penas ser\u00e1n aplicables a quienes afecten gravemente uno o m\u00e1s de los componentes ambientales de una reserva de regi\u00f3n virgen, un parque nacional, un monumento natural, una reserva nacional o un humedal de importancia internacional\u2019, por lo que los responsables podr\u00edan ser sancionados con presidio o reclusi\u00f3n mayor en su grado m\u00ednimo, lo que podr\u00eda equivaler a una pena privativa de libertad desde 5 a\u00f1os y 1 d\u00eda, hasta 10 a\u00f1os m\u00e1s multa.<br>\u201cCon esta acci\u00f3n, esperamos aportar nuevos antecedentes a la investigaci\u00f3n y sentar un precedente en la materia. Hoy tenemos una normativa que pena con c\u00e1rcel las negligencias e infracciones medioambientales de las industrias; lleg\u00f3 la hora de hacer justicia por nuestra naturaleza y por las comunidades que la habitan. Basta de mirar al costado y basta ya de impunidad\u201d, coment\u00f3 Asun.<br>Roxana N\u00fa\u00f1ez, abogada y especialista en Incidencia de Campa\u00f1as de Greenpeace Andino,<br>complement\u00f3 que \u201cla muerte de especies al interior de \u00e1reas protegidas es algo a lo que como pa\u00eds no s\u00f3lo no nos debemos acostumbrar, sino que, por el contrario, debemos sancionar duramente. Contamos con un texto legal que fue creado precisamente para perseguir delitos como \u00e9ste, por lo valoramos la decisi\u00f3n de los juzgados de declarar admisibles estas querellas, lo que no s\u00f3lo permitir\u00e1 que el Ministerio P\u00fablico inicie una investigaci\u00f3n en esta materia, sino que tambi\u00e9n genera un precedente para que las comunidades puedan defender sus territorios y velemos en conjunto por la protecci\u00f3n de nuestras \u00e1reas protegidas y las especies que las habitan\u201d.<\/p>\n\n\n\n<p>\u201cPara nosotros es importante querellarnos porque en los casos previos de ballenas muertas en nuestro<br>territorio, as\u00ed como en otros, no ha habido una investigaci\u00f3n exhaustiva, ni tampoco sanciones para<br>quienes resultaren en responsables concretos\u201d, aclar\u00f3 al respecto Leticia Caro, representante de la<br>comunidad Kaw\u00e9sqar Grupos Familiares N\u00f3madas del Mar.<br>Caro subray\u00f3 que \u00e9ste representa un hito importante para avanzar en la conciencia sobre los territorios<br>ancestrales y las \u00e1reas protegidas. \u201cLa ballena ocupa una parte importante en nuestra historia y tambi\u00e9n<br>en la memoria de nuestros antiguos: en tiempos de navegaci\u00f3n libre, su presencia era objeto de<br>ceremonias y grandes encuentros de significancia espiritual y de subsistencia, representando una<br>conexi\u00f3n importante con nuestra espiritualidad y cosmovisi\u00f3n. Ah\u00ed radica la importancia para nuestra<br>comunidad de cuidar a esta especie y proteger nuestro territorio ancestral, y que estas muertes no<br>queden en la impunidad\u201d, destac\u00f3 la integrante de la comunidad Kaw\u00e9sqar.<br>Cabe recordar que, aunque han pasado seis a\u00f1os de su incorporaci\u00f3n al Sistema Nacional de \u00c1reas<br>Protegidas del Estado (SNASPE), esta reserva a\u00fan no cuenta con un plan de manejo, una herramienta<br>fundamental para la conservaci\u00f3n efectiva. \u201cLa muerte de una ballena en el interior de la reserva subraya<br>la necesidad de que el proceso de consulta ind\u00edgena avance con celeridad, a fin de aprobar y aplicar el<br>plan de manejo que permita una gesti\u00f3n y protecci\u00f3n duradera para este espacio. Mientras eso ocurre,<br>esperamos que la justicia pueda actuar con celeridad para establecer las responsabilidades en estos<br>lamentables dos casos de cet\u00e1ceos muertos, y que se puedan generar penas y multas ejemplificadoras<br>para que no vuelvan a ocurrir casos como los de San Rafael y la Reserva Nacional Kaw\u00e9sqar\u201d, concluy\u00f3<br>el vocero de Greenpeace.<\/p>\n","protected":false},"excerpt":{"rendered":"<p>Los juzgados de Letras y Garant\u00eda de Puerto Ays\u00e9n y de Garant\u00eda de Punta Arenas declararon \u201cadmisibles\u201d las querellas contra quienes resulten responsables de la muerte de dosballenas jorobadas, dadas&#8230; <a class=\"read-more\" href=\"https:\/\/www.radiopresidenteibanez.cl\/web\/ballenas-muertas-en-la-patagonia-juzgados-declaran-admisibles-querellas-penales-presentadas-por-greenpeace-y-comunidades\/\">Leer m\u00e1s<\/a><\/p>\n","protected":false},"author":2,"featured_media":52369,"comment_status":"closed","ping_status":"closed","sticky":false,"template":"","format":"standard","meta":{"footnotes":""},"categories":[1],"tags":[],"class_list":["post-52368","post","type-post","status-publish","format-standard","has-post-thumbnail","hentry","category-cronica"],"_links":{"self":[{"href":"https:\/\/www.radiopresidenteibanez.cl\/web\/wp-json\/wp\/v2\/posts\/52368","targetHints":{"allow":["GET"]}}],"collection":[{"href":"https:\/\/www.radiopresidenteibanez.cl\/web\/wp-json\/wp\/v2\/posts"}],"about":[{"href":"https:\/\/www.radiopresidenteibanez.cl\/web\/wp-json\/wp\/v2\/types\/post"}],"author":[{"embeddable":true,"href":"https:\/\/www.radiopresidenteibanez.cl\/web\/wp-json\/wp\/v2\/users\/2"}],"replies":[{"embeddable":true,"href":"https:\/\/www.radiopresidenteibanez.cl\/web\/wp-json\/wp\/v2\/comments?post=52368"}],"version-history":[{"count":0,"href":"https:\/\/www.radiopresidenteibanez.cl\/web\/wp-json\/wp\/v2\/posts\/52368\/revisions"}],"wp:featuredmedia":[{"embeddable":true,"href":"https:\/\/www.radiopresidenteibanez.cl\/web\/wp-json\/wp\/v2\/media\/52369"}],"wp:attachment":[{"href":"https:\/\/www.radiopresidenteibanez.cl\/web\/wp-json\/wp\/v2\/media?parent=52368"}],"wp:term":[{"taxonomy":"category","embeddable":true,"href":"https:\/\/www.radiopresidenteibanez.cl\/web\/wp-json\/wp\/v2\/categories?post=52368"},{"taxonomy":"post_tag","embeddable":true,"href":"https:\/\/www.radiopresidenteibanez.cl\/web\/wp-json\/wp\/v2\/tags?post=52368"}],"curies":[{"name":"wp","href":"https:\/\/api.w.org\/{rel}","templated":true}]}}