{"id":5232,"date":"2019-06-21T14:23:46","date_gmt":"2019-06-21T14:23:46","guid":{"rendered":"http:\/\/www.radiopresidenteibanez.cl\/web\/?p=5232"},"modified":"2019-06-21T14:24:32","modified_gmt":"2019-06-21T14:24:32","slug":"funcionarios-del-servicio-de-salud-magallanes-se-capacitan-en-estatuto-administrativo","status":"publish","type":"post","link":"https:\/\/www.radiopresidenteibanez.cl\/web\/funcionarios-del-servicio-de-salud-magallanes-se-capacitan-en-estatuto-administrativo\/","title":{"rendered":"FUNCIONARIOS DEL SERVICIO DE SALUD MAGALLANES SE CAPACITAN EN ESTATUTO ADMINISTRATIVO"},"content":{"rendered":"\n<p>M\u00e1s de 30 funcionarios de la\nDirecci\u00f3n del Servicio de Salud Magallanes, pertenecientes a la Ley 18.834 que\nagrupa a profesionales, t\u00e9cnicos, administrativos y auxiliares participaron del\ncurso Estatuto Administrativo, dictado por la Escuela Nacional de\nAdministraci\u00f3n P\u00fablica.<\/p>\n\n\n\n<p>El curso, inserto en el Programa\nAnual de Capacitaci\u00f3n PAC del organismo sanitario, tuvo por objetivo que los\nfuncionarios conocieran y comprendieran la naturaleza y alcances, tanto en la\nvida p\u00fablica como privada del principio de probidad y transparencia\nadministrativa, con especial atenci\u00f3n en el cumplimiento \u00e9tico de las obligaciones\ny deberes, a la vez de dar estricto cumplimiento a la conducta \u00e9tica exigible\ncomo a la funci\u00f3n de servidores p\u00fablicos.<\/p>\n\n\n\n<p>Consultada por la actividad, la\nSubdirectora de Gesti\u00f3n y Desarrollo de las Personas Paula D\u00edaz, coment\u00f3 que la\njornada fue m\u00e1s que provechosa para los asistentes. \u201cEllos&nbsp; van a poder adentrarse en todas las materias de\ndeberes, derechos y obligaciones que est\u00e1n consideradas en el Estatuto Administrativo\ny que es la funci\u00f3n p\u00fablica, cu\u00e1l es la \u00e9tica con la que debemos enfrentar el\ntrabajo y las obligaciones que tenemos como funcionarios p\u00fablicos para la\ncomunidad y nuestra instituci\u00f3n; yo creo que es una actividad tremendamente valiosa\nque en algunas \u00e1reas se hace con docentes internos y ac\u00e1 se puede hacer con\ndocentes externos, que nos permiten tener una visi\u00f3n m\u00e1s amplia\u201d, se\u00f1al\u00f3.<\/p>\n\n\n\n<p>Agregando la Subdirectora que, las asociaciones gremiales FENPRUSS y FENATS, participaron por medio de la convocatoria a sus socios.<\/p>\n\n\n\n<figure class=\"wp-block-image\"><img loading=\"lazy\" decoding=\"async\" width=\"900\" height=\"573\" src=\"https:\/\/www.radiopresidenteibanez.cl\/web\/wp-content\/uploads\/2019\/06\/IMG_4866.jpg\" alt=\"\" class=\"wp-image-5233\" srcset=\"https:\/\/www.radiopresidenteibanez.cl\/web\/wp-content\/uploads\/2019\/06\/IMG_4866.jpg 900w, https:\/\/www.radiopresidenteibanez.cl\/web\/wp-content\/uploads\/2019\/06\/IMG_4866-300x191.jpg 300w, https:\/\/www.radiopresidenteibanez.cl\/web\/wp-content\/uploads\/2019\/06\/IMG_4866-768x489.jpg 768w\" sizes=\"auto, (max-width: 900px) 100vw, 900px\" \/><\/figure>\n","protected":false},"excerpt":{"rendered":"<p>M\u00e1s de 30 funcionarios de la Direcci\u00f3n del Servicio de Salud Magallanes, pertenecientes a la Ley 18.834 que agrupa a profesionales, t\u00e9cnicos, administrativos y auxiliares participaron del curso Estatuto Administrativo,&#8230; <a class=\"read-more\" href=\"https:\/\/www.radiopresidenteibanez.cl\/web\/funcionarios-del-servicio-de-salud-magallanes-se-capacitan-en-estatuto-administrativo\/\">Leer m\u00e1s<\/a><\/p>\n","protected":false},"author":2,"featured_media":5233,"comment_status":"closed","ping_status":"closed","sticky":false,"template":"","format":"standard","meta":{"footnotes":""},"categories":[1],"tags":[],"class_list":["post-5232","post","type-post","status-publish","format-standard","has-post-thumbnail","hentry","category-cronica"],"_links":{"self":[{"href":"https:\/\/www.radiopresidenteibanez.cl\/web\/wp-json\/wp\/v2\/posts\/5232","targetHints":{"allow":["GET"]}}],"collection":[{"href":"https:\/\/www.radiopresidenteibanez.cl\/web\/wp-json\/wp\/v2\/posts"}],"about":[{"href":"https:\/\/www.radiopresidenteibanez.cl\/web\/wp-json\/wp\/v2\/types\/post"}],"author":[{"embeddable":true,"href":"https:\/\/www.radiopresidenteibanez.cl\/web\/wp-json\/wp\/v2\/users\/2"}],"replies":[{"embeddable":true,"href":"https:\/\/www.radiopresidenteibanez.cl\/web\/wp-json\/wp\/v2\/comments?post=5232"}],"version-history":[{"count":0,"href":"https:\/\/www.radiopresidenteibanez.cl\/web\/wp-json\/wp\/v2\/posts\/5232\/revisions"}],"wp:featuredmedia":[{"embeddable":true,"href":"https:\/\/www.radiopresidenteibanez.cl\/web\/wp-json\/wp\/v2\/media\/5233"}],"wp:attachment":[{"href":"https:\/\/www.radiopresidenteibanez.cl\/web\/wp-json\/wp\/v2\/media?parent=5232"}],"wp:term":[{"taxonomy":"category","embeddable":true,"href":"https:\/\/www.radiopresidenteibanez.cl\/web\/wp-json\/wp\/v2\/categories?post=5232"},{"taxonomy":"post_tag","embeddable":true,"href":"https:\/\/www.radiopresidenteibanez.cl\/web\/wp-json\/wp\/v2\/tags?post=5232"}],"curies":[{"name":"wp","href":"https:\/\/api.w.org\/{rel}","templated":true}]}}