{"id":52313,"date":"2024-11-12T17:49:00","date_gmt":"2024-11-12T20:49:00","guid":{"rendered":"https:\/\/www.radiopresidenteibanez.cl\/web\/?p=52313"},"modified":"2024-11-12T15:07:13","modified_gmt":"2024-11-12T18:07:13","slug":"delegacion-provincial-de-ultima-esperanza-notifica-a-domingo-ramon-arriagada-sepulveda-como-nuevo-hijo-ilustre-de-la-provincia","status":"publish","type":"post","link":"https:\/\/www.radiopresidenteibanez.cl\/web\/delegacion-provincial-de-ultima-esperanza-notifica-a-domingo-ramon-arriagada-sepulveda-como-nuevo-hijo-ilustre-de-la-provincia\/","title":{"rendered":"DELEGACI\u00d3N PROVINCIAL DE \u00daLTIMA ESPERANZA NOTIFICA A DOMINGO RAM\u00d3N ARRIAGADA SEP\u00daLVEDA COMO NUEVO HIJO ILUSTRE DE LA PROVINCIA"},"content":{"rendered":"\n<p>En el marco de la conmemoraci\u00f3n del D\u00eda de la Provincia de \u00daltima Esperanza, que se celebrar\u00e1 el pr\u00f3ximo 16 de noviembre, se distinguir\u00e1 como Hijo Ilustre al destacado soci\u00f3logo, escritor y comerciante Domingo Ram\u00f3n Arriagada Sep\u00falveda. Este reconocimiento es un tributo a su valiosa contribuci\u00f3n y compromiso con la comunidad, reflejando su influencia en la historia y desarrollo de la provincia.<\/p>\n\n\n\n<p>La noticia fue dada a conocer personalmente por el delegado Guillermo Ruiz Santana, quien sorprendi\u00f3 a Arriagada en su lugar de trabajo para informarle sobre esta honrosa distinci\u00f3n.<\/p>\n\n\n\n<p>\u201cMe trajo esta noticia maravillosa, muy bonita. La tarea del escritor es una muy solitaria, y la verdad es que uno lo hace por el placer y porque quiere mucho el arte de escribir. No lo hace en busca de reconocimiento\u201d, dijo Arriagada.<\/p>\n\n\n\n<p>El reconocimiento ser\u00e1 entregado en una ceremonia solemne el s\u00e1bado en Puerto Consuelo, un lugar hist\u00f3rico que destaca como el principal asentamiento humano en los primeros a\u00f1os de la colonizaci\u00f3n germano-brit\u00e1nica de \u00daltima Esperanza. Esta ubicaci\u00f3n emblem\u00e1tica a\u00f1ade un significado especial a la ceremonia, en honor a un hijo ilustre que ha dejado una profunda huella en la identidad de la provincia.<\/p>\n\n\n\n<p>En tanto, el delegado se\u00f1al\u00f3 que, \u201cLleva m\u00e1s de 40 a\u00f1os afincado en la ciudad y en la provincia, dando muestra de un amor y compromiso por esta tierra\u201d.<\/p>\n","protected":false},"excerpt":{"rendered":"<p>En el marco de la conmemoraci\u00f3n del D\u00eda de la Provincia de \u00daltima Esperanza, que se celebrar\u00e1 el pr\u00f3ximo 16 de noviembre, se distinguir\u00e1 como Hijo Ilustre al destacado soci\u00f3logo,&#8230; <a class=\"read-more\" href=\"https:\/\/www.radiopresidenteibanez.cl\/web\/delegacion-provincial-de-ultima-esperanza-notifica-a-domingo-ramon-arriagada-sepulveda-como-nuevo-hijo-ilustre-de-la-provincia\/\">Leer m\u00e1s<\/a><\/p>\n","protected":false},"author":2,"featured_media":52314,"comment_status":"closed","ping_status":"closed","sticky":false,"template":"","format":"standard","meta":{"footnotes":""},"categories":[1],"tags":[],"class_list":["post-52313","post","type-post","status-publish","format-standard","has-post-thumbnail","hentry","category-cronica"],"_links":{"self":[{"href":"https:\/\/www.radiopresidenteibanez.cl\/web\/wp-json\/wp\/v2\/posts\/52313","targetHints":{"allow":["GET"]}}],"collection":[{"href":"https:\/\/www.radiopresidenteibanez.cl\/web\/wp-json\/wp\/v2\/posts"}],"about":[{"href":"https:\/\/www.radiopresidenteibanez.cl\/web\/wp-json\/wp\/v2\/types\/post"}],"author":[{"embeddable":true,"href":"https:\/\/www.radiopresidenteibanez.cl\/web\/wp-json\/wp\/v2\/users\/2"}],"replies":[{"embeddable":true,"href":"https:\/\/www.radiopresidenteibanez.cl\/web\/wp-json\/wp\/v2\/comments?post=52313"}],"version-history":[{"count":0,"href":"https:\/\/www.radiopresidenteibanez.cl\/web\/wp-json\/wp\/v2\/posts\/52313\/revisions"}],"wp:featuredmedia":[{"embeddable":true,"href":"https:\/\/www.radiopresidenteibanez.cl\/web\/wp-json\/wp\/v2\/media\/52314"}],"wp:attachment":[{"href":"https:\/\/www.radiopresidenteibanez.cl\/web\/wp-json\/wp\/v2\/media?parent=52313"}],"wp:term":[{"taxonomy":"category","embeddable":true,"href":"https:\/\/www.radiopresidenteibanez.cl\/web\/wp-json\/wp\/v2\/categories?post=52313"},{"taxonomy":"post_tag","embeddable":true,"href":"https:\/\/www.radiopresidenteibanez.cl\/web\/wp-json\/wp\/v2\/tags?post=52313"}],"curies":[{"name":"wp","href":"https:\/\/api.w.org\/{rel}","templated":true}]}}