{"id":52300,"date":"2024-11-12T12:53:00","date_gmt":"2024-11-12T15:53:00","guid":{"rendered":"https:\/\/www.radiopresidenteibanez.cl\/web\/?p=52300"},"modified":"2024-11-12T10:47:20","modified_gmt":"2024-11-12T13:47:20","slug":"resistire-para-seguir-viviendo-soportare-los-golpes-y-jamas-me-rendire-cantan-fiskales-ad-hok","status":"publish","type":"post","link":"https:\/\/www.radiopresidenteibanez.cl\/web\/resistire-para-seguir-viviendo-soportare-los-golpes-y-jamas-me-rendire-cantan-fiskales-ad-hok\/","title":{"rendered":"Resistir\u00e9, para seguir viviendo soportar\u00e9 los golpes y jam\u00e1s me rendir\u00e9..\u00bb cantan Fiskales ad Hok"},"content":{"rendered":"\n<p>Basamos nuestro trabajo en la correcta y ordenada aplicaci\u00f3n de tres principios que consideramos fundamentales en el trabajo sindical. Educaci\u00f3n, Organizaci\u00f3n y Lucha.<br>Y no se trata de una cuesti\u00f3n antojadiza o de instalar mas t\u00e9rminos en el amplio vocabulario sindical.<br>Es que si no se cumple con cada uno de ellos y en el mismo orden en que est\u00e1n enunciados,<br>el movimiento sindical continuar\u00e1 careciendo de capacidad fuerza y convicci\u00f3n, lo que a su vez permitir\u00e1 la mantenci\u00f3n de toda la estructura instalada por el capital para mantener la sumisi\u00f3n y el temor como banderas de su gesti\u00f3n.<br>O nos ponemos a educar a la gente sobre los peligros de un capital avasallador y la urgencia de construir organizaci\u00f3n para confrontarlo, o los resultados seguir\u00e1n siendo pobres o nulos.<\/p>\n\n\n\n<p>2.- Entonces tenemos que machacar con nuestra canci\u00f3n todos los d\u00edas, pero acompa\u00f1arla con acciones que denotan nuestro inter\u00e9s en promover la comprensi\u00f3n de lo que se vive.<br>Hay que imprimir mucho material para entregar mano por mano, pero tambi\u00e9n ser capaces de utilizar las redes sociales para difundir nuestro ideario.<br>La pelea la debemos dar y ganar en la calle.<br>Una y otra vez hay que explicar que significan determinadas leyes y como los trabajadores pueden confrontarlas cuando estas no son beneficiosas.<br>Lo que no se puede hacer es seguir sentados esperando que acabe el mundo.<\/p>\n","protected":false},"excerpt":{"rendered":"<p>Basamos nuestro trabajo en la correcta y ordenada aplicaci\u00f3n de tres principios que consideramos fundamentales en el trabajo sindical. Educaci\u00f3n, Organizaci\u00f3n y Lucha.Y no se trata de una cuesti\u00f3n antojadiza&#8230; <a class=\"read-more\" href=\"https:\/\/www.radiopresidenteibanez.cl\/web\/resistire-para-seguir-viviendo-soportare-los-golpes-y-jamas-me-rendire-cantan-fiskales-ad-hok\/\">Leer m\u00e1s<\/a><\/p>\n","protected":false},"author":2,"featured_media":52301,"comment_status":"closed","ping_status":"closed","sticky":false,"template":"","format":"standard","meta":{"footnotes":""},"categories":[1],"tags":[],"class_list":["post-52300","post","type-post","status-publish","format-standard","has-post-thumbnail","hentry","category-cronica"],"_links":{"self":[{"href":"https:\/\/www.radiopresidenteibanez.cl\/web\/wp-json\/wp\/v2\/posts\/52300","targetHints":{"allow":["GET"]}}],"collection":[{"href":"https:\/\/www.radiopresidenteibanez.cl\/web\/wp-json\/wp\/v2\/posts"}],"about":[{"href":"https:\/\/www.radiopresidenteibanez.cl\/web\/wp-json\/wp\/v2\/types\/post"}],"author":[{"embeddable":true,"href":"https:\/\/www.radiopresidenteibanez.cl\/web\/wp-json\/wp\/v2\/users\/2"}],"replies":[{"embeddable":true,"href":"https:\/\/www.radiopresidenteibanez.cl\/web\/wp-json\/wp\/v2\/comments?post=52300"}],"version-history":[{"count":0,"href":"https:\/\/www.radiopresidenteibanez.cl\/web\/wp-json\/wp\/v2\/posts\/52300\/revisions"}],"wp:featuredmedia":[{"embeddable":true,"href":"https:\/\/www.radiopresidenteibanez.cl\/web\/wp-json\/wp\/v2\/media\/52301"}],"wp:attachment":[{"href":"https:\/\/www.radiopresidenteibanez.cl\/web\/wp-json\/wp\/v2\/media?parent=52300"}],"wp:term":[{"taxonomy":"category","embeddable":true,"href":"https:\/\/www.radiopresidenteibanez.cl\/web\/wp-json\/wp\/v2\/categories?post=52300"},{"taxonomy":"post_tag","embeddable":true,"href":"https:\/\/www.radiopresidenteibanez.cl\/web\/wp-json\/wp\/v2\/tags?post=52300"}],"curies":[{"name":"wp","href":"https:\/\/api.w.org\/{rel}","templated":true}]}}