{"id":52297,"date":"2024-11-12T11:41:00","date_gmt":"2024-11-12T14:41:00","guid":{"rendered":"https:\/\/www.radiopresidenteibanez.cl\/web\/?p=52297"},"modified":"2024-11-12T10:43:37","modified_gmt":"2024-11-12T13:43:37","slug":"delegacion-de-montana-visita-inia-kampenaike-para-explorar-colaboracion-en-ganaderia-bovina-de-carne","status":"publish","type":"post","link":"https:\/\/www.radiopresidenteibanez.cl\/web\/delegacion-de-montana-visita-inia-kampenaike-para-explorar-colaboracion-en-ganaderia-bovina-de-carne\/","title":{"rendered":"Delegaci\u00f3n de Montana visita INIA Kampenaike para explorar colaboraci\u00f3n en ganader\u00eda bovina de carne"},"content":{"rendered":"\n<p>En el marco de una visita destinada a conocer los avances en investigaci\u00f3n y desarrollo (I+D) realizados por el Instituto de Investigaciones Agropecuarias (INIA) en el \u00e1mbito de la ganader\u00eda de carne, una delegaci\u00f3n de seis ganaderos y productores de gen\u00e9tica de exportaci\u00f3n del estado de Montana, EE. UU., visit\u00f3 las instalaciones del Centro Regional INIA Kampenaike.<\/p>\n\n\n\n<p>La delegaci\u00f3n estuvo acompa\u00f1ada por representantes de la Oficina de Comercio Internacional del Departamento de Agricultura del Estado de Montana.<br>Durante la jornada, el Dr. Francisco Sales, investigador del centro, present\u00f3 los proyectos y avances desarrollados en el \u00e1rea de ganader\u00eda bovina. \u00abRecibir delegaciones internacionales que producen gen\u00e9tica de alta calidad, utilizada tambi\u00e9n en Chile, es de gran valor para el intercambio t\u00e9cnico y la generaci\u00f3n de futuras colaboraciones\u00bb, destac\u00f3 el Dr. Sales.<br>El investigador detall\u00f3 los trabajos de mejoramiento gen\u00e9tico que se desarrollan en INIA Kampenaike, los cuales est\u00e1n integrados en el Programa Nacional de Mejoramiento Gen\u00e9tico de INIA. Este programa busca asegurar gen\u00e9tica de calidad para los productores, quienes cada a\u00f1o pueden acceder a ella en el \u00abD\u00eda del Toro\u00bb. Tambi\u00e9n se abordaron temas de sanidad, nutrici\u00f3n y el impacto del proyecto \u00abTernera de Magallanes\u00bb, financiado en sus inicios por la Fundaci\u00f3n para la Innovaci\u00f3n Agraria (FIA).<br>La delegaci\u00f3n de Montana pudo observar en terreno los toros y terneros de las razas Angus y Hereford, quedando impresionada por la calidad de los animales. La visita concluy\u00f3 con el inicio de conversaciones orientadas a futuros proyectos colaborativos que podr\u00edan aportar significativamente al desarrollo de la ganader\u00eda de carne bovina en la regi\u00f3n de Magallanes<\/p>\n","protected":false},"excerpt":{"rendered":"<p>En el marco de una visita destinada a conocer los avances en investigaci\u00f3n y desarrollo (I+D) realizados por el Instituto de Investigaciones Agropecuarias (INIA) en el \u00e1mbito de la ganader\u00eda&#8230; <a class=\"read-more\" href=\"https:\/\/www.radiopresidenteibanez.cl\/web\/delegacion-de-montana-visita-inia-kampenaike-para-explorar-colaboracion-en-ganaderia-bovina-de-carne\/\">Leer m\u00e1s<\/a><\/p>\n","protected":false},"author":2,"featured_media":52298,"comment_status":"closed","ping_status":"closed","sticky":false,"template":"","format":"standard","meta":{"footnotes":""},"categories":[1],"tags":[],"class_list":["post-52297","post","type-post","status-publish","format-standard","has-post-thumbnail","hentry","category-cronica"],"_links":{"self":[{"href":"https:\/\/www.radiopresidenteibanez.cl\/web\/wp-json\/wp\/v2\/posts\/52297","targetHints":{"allow":["GET"]}}],"collection":[{"href":"https:\/\/www.radiopresidenteibanez.cl\/web\/wp-json\/wp\/v2\/posts"}],"about":[{"href":"https:\/\/www.radiopresidenteibanez.cl\/web\/wp-json\/wp\/v2\/types\/post"}],"author":[{"embeddable":true,"href":"https:\/\/www.radiopresidenteibanez.cl\/web\/wp-json\/wp\/v2\/users\/2"}],"replies":[{"embeddable":true,"href":"https:\/\/www.radiopresidenteibanez.cl\/web\/wp-json\/wp\/v2\/comments?post=52297"}],"version-history":[{"count":0,"href":"https:\/\/www.radiopresidenteibanez.cl\/web\/wp-json\/wp\/v2\/posts\/52297\/revisions"}],"wp:featuredmedia":[{"embeddable":true,"href":"https:\/\/www.radiopresidenteibanez.cl\/web\/wp-json\/wp\/v2\/media\/52298"}],"wp:attachment":[{"href":"https:\/\/www.radiopresidenteibanez.cl\/web\/wp-json\/wp\/v2\/media?parent=52297"}],"wp:term":[{"taxonomy":"category","embeddable":true,"href":"https:\/\/www.radiopresidenteibanez.cl\/web\/wp-json\/wp\/v2\/categories?post=52297"},{"taxonomy":"post_tag","embeddable":true,"href":"https:\/\/www.radiopresidenteibanez.cl\/web\/wp-json\/wp\/v2\/tags?post=52297"}],"curies":[{"name":"wp","href":"https:\/\/api.w.org\/{rel}","templated":true}]}}