{"id":52291,"date":"2024-11-12T09:28:00","date_gmt":"2024-11-12T12:28:00","guid":{"rendered":"https:\/\/www.radiopresidenteibanez.cl\/web\/?p=52291"},"modified":"2024-11-12T08:47:25","modified_gmt":"2024-11-12T11:47:25","slug":"director-del-slep-magallanes-y-diputada-javiera-morales-dialogaron-sobre-financiamiento-de-la-educacion-publica","status":"publish","type":"post","link":"https:\/\/www.radiopresidenteibanez.cl\/web\/director-del-slep-magallanes-y-diputada-javiera-morales-dialogaron-sobre-financiamiento-de-la-educacion-publica\/","title":{"rendered":"Director del SLEP Magallanes y diputada Javiera Morales dialogaron sobre financiamiento de la educaci\u00f3n p\u00fablica"},"content":{"rendered":"\n<p>Una productiva reuni\u00f3n de trabajo sostuvo la parlamentaria por Magallanes con el director<br>ejecutivo del Servicio Local de Educaci\u00f3n P\u00fablica para analizar el trabajo del nuevo<br>sostenedor que asumi\u00f3 esta responsabilidad el 1 de enero de este a\u00f1o, y sus<br>proyecciones para el a\u00f1o que viene en momentos en que se tramita en el Congreso la Ley<br>de Presupuesto para el 2025.<br>La parlamentaria, quien respald\u00f3 desde un comienzo el traspaso del sistema educativo al<br>nuevo sostenedor, ha seguido de cerca el proceso de instalaci\u00f3n y sus efectos en la<br>educaci\u00f3n p\u00fablica.<br>En el encuentro, el director ejecutivo del SLEP Magallanes, Mario Garc\u00eda Mart\u00ednez, y el<br>subdirector de Planificaci\u00f3n y Control de Gesti\u00f3n, Jorge Vald\u00e9s Or\u00f3stica, expusieron<br>distintos aspectos de la gesti\u00f3n financiera en el a\u00f1o que ha permitido, por ejemplo,<br>ejecutar de forma oportuna el pago de las remuneraciones a los docentes y asistentes de<br>la educaci\u00f3n reduciendo de ese modo un factor de conflictividad que era habitual hasta el<br>a\u00f1o pasado, antes del traspaso.<br>De igual forma, indicaron a la parlamentaria los requerimientos presupuestarios para el<br>2025 con el objetivo de mantener y mejorar cada vez m\u00e1s la calidad del servicio educativo<br>que se otorga a ni\u00f1os, j\u00f3venes y adultos atendidos por educaci\u00f3n p\u00fablica en la regi\u00f3n.<br>La diputada Javiera Morales indic\u00f3 en el encuentro su inter\u00e9s en asegurar en la discusi\u00f3n<br>del presupuesto para el pr\u00f3ximo a\u00f1o los recursos suficientes para el funcionamiento de la<br>educaci\u00f3n p\u00fablica y avanzar en las medidas que aseguren mejoras en calidad y<br>cobertura.<\/p>\n","protected":false},"excerpt":{"rendered":"<p>Una productiva reuni\u00f3n de trabajo sostuvo la parlamentaria por Magallanes con el directorejecutivo del Servicio Local de Educaci\u00f3n P\u00fablica para analizar el trabajo del nuevosostenedor que asumi\u00f3 esta responsabilidad el&#8230; <a class=\"read-more\" href=\"https:\/\/www.radiopresidenteibanez.cl\/web\/director-del-slep-magallanes-y-diputada-javiera-morales-dialogaron-sobre-financiamiento-de-la-educacion-publica\/\">Leer m\u00e1s<\/a><\/p>\n","protected":false},"author":2,"featured_media":52292,"comment_status":"closed","ping_status":"closed","sticky":false,"template":"","format":"standard","meta":{"footnotes":""},"categories":[1],"tags":[],"class_list":["post-52291","post","type-post","status-publish","format-standard","has-post-thumbnail","hentry","category-cronica"],"_links":{"self":[{"href":"https:\/\/www.radiopresidenteibanez.cl\/web\/wp-json\/wp\/v2\/posts\/52291","targetHints":{"allow":["GET"]}}],"collection":[{"href":"https:\/\/www.radiopresidenteibanez.cl\/web\/wp-json\/wp\/v2\/posts"}],"about":[{"href":"https:\/\/www.radiopresidenteibanez.cl\/web\/wp-json\/wp\/v2\/types\/post"}],"author":[{"embeddable":true,"href":"https:\/\/www.radiopresidenteibanez.cl\/web\/wp-json\/wp\/v2\/users\/2"}],"replies":[{"embeddable":true,"href":"https:\/\/www.radiopresidenteibanez.cl\/web\/wp-json\/wp\/v2\/comments?post=52291"}],"version-history":[{"count":0,"href":"https:\/\/www.radiopresidenteibanez.cl\/web\/wp-json\/wp\/v2\/posts\/52291\/revisions"}],"wp:featuredmedia":[{"embeddable":true,"href":"https:\/\/www.radiopresidenteibanez.cl\/web\/wp-json\/wp\/v2\/media\/52292"}],"wp:attachment":[{"href":"https:\/\/www.radiopresidenteibanez.cl\/web\/wp-json\/wp\/v2\/media?parent=52291"}],"wp:term":[{"taxonomy":"category","embeddable":true,"href":"https:\/\/www.radiopresidenteibanez.cl\/web\/wp-json\/wp\/v2\/categories?post=52291"},{"taxonomy":"post_tag","embeddable":true,"href":"https:\/\/www.radiopresidenteibanez.cl\/web\/wp-json\/wp\/v2\/tags?post=52291"}],"curies":[{"name":"wp","href":"https:\/\/api.w.org\/{rel}","templated":true}]}}