{"id":52288,"date":"2024-11-12T08:16:34","date_gmt":"2024-11-12T11:16:34","guid":{"rendered":"https:\/\/www.radiopresidenteibanez.cl\/web\/?p=52288"},"modified":"2024-11-12T08:16:39","modified_gmt":"2024-11-12T11:16:39","slug":"inauguran-segunda-edicion-de-la-feria-artesanias-australes","status":"publish","type":"post","link":"https:\/\/www.radiopresidenteibanez.cl\/web\/inauguran-segunda-edicion-de-la-feria-artesanias-australes\/","title":{"rendered":"Inauguran segunda edici\u00f3n de la Feria Artesan\u00edas Australes"},"content":{"rendered":"\n<p>Dieciocho artesanas y artesanos se embarcaron en la segunda edici\u00f3n de la Feria Artesan\u00edas Australes. La muestra, cuyo objetivo es la exhibici\u00f3n y comercializaci\u00f3n de obras a turistas que arriban a la regi\u00f3n v\u00eda cruceros, es impulsada por la Mesa de Artesan\u00eda y cuenta con el apoyo de la Seremi de las Culturas, las Artes y el Patrimonio y la Empresa Portuaria Austral (EPAUSTRAL).<\/p>\n\n\n\n<p>La iniciativa, que cumpli\u00f3 su primera jornada el mes pasado, fue inaugurada oficialmente este lunes en el Terminal de Pasajeros EPAUSTRAL, ubicado en Muelle Prat de Punta Arenas. A la ceremonia asistieron autoridades regionales encabezadas por la Seremi de las Culturas, Carolina Herrera y el Gerente General de EPAUSTRAL, Miguel Palma; el Delegado Presidencial, Jos\u00e9 Ruiz; la Seremi de Econom\u00eda, Marlene Espa\u00f1a; la Seremi de Ciencias Austral, Ver\u00f3nica Vallejos; el Seremi de Desarrollo Social, Danilo Mimica y la Seremi de la Mujer, Alejandra Ruiz, entre otras autoridades.<\/p>\n\n\n\n<p>\u201cArtesan\u00edas Australes\u201d re\u00fane obras tradicionales, contempor\u00e1neas y de pueblos originarios de Magallanes. Se extender\u00e1 hasta abril del 2025 y considera cincuenta jornadas, durante las cuales las y los turistas conocer\u00e1n y tendr\u00e1n la oportunidad llevar entre sus equipajes obras con identidad e inspiraci\u00f3n en el territorio austral. &nbsp;&nbsp;&nbsp;<\/p>\n\n\n\n<p>\u201c(Las y los artesanos) se acercan a la Seremi de Culturas buscando un espacio donde visibilizar su trabajo. Haciendo esa b\u00fasqueda nos acercamos a la Empresa Portuaria Austral, quienes con muy buena disposici\u00f3n nos abren este espacio. En febrero de este a\u00f1o se logr\u00f3 instalar la primera versi\u00f3n, alcanzando la mitad de la temporada y despu\u00e9s las mismas artesanas y artesanos se mantienen todo el a\u00f1o trabajando al alero de la Seremi de Culturas, para poder tener una mejor puesta en escena, porque esto tambi\u00e9n se entiende como una experiencia: llegar a Magallanes y encontrarte con productos originales, \u00fanicos y con materias primas de la regi\u00f3n. Es como contar un relato desde que el pasajero se baja del crucero\u201d, expres\u00f3 la Seremi de las Culturas, las Artes y el Patrimonio, Carolina Herrera.<\/p>\n\n\n\n<p>Piezas de orfebrer\u00eda, textil, arcilla y cester\u00eda de los pueblos Kaw\u00e9sqar y Yag\u00e1n, forman parte de la variada oferta de esta propuesta, que en el verano del presente a\u00f1o tuvo exitosos resultados durante su primera edici\u00f3n.<\/p>\n\n\n\n<p>Por su parte, el Gerente General de la EPAUSTRAL, Miguel Palma, coment\u00f3 que \u201cnosotros somos una empresa regional, un puerto p\u00fablico, y por lo tanto esto es parte de nuestro patrimonio. Contamos con una vitrina natural que esperamos poner a disposici\u00f3n y estamos trabajando para ir dando pasos hacia que este espacio se vaya consolidando con una oferta de nuestro patrimonio y cultura cuando los turistas nos visiten<\/p>\n","protected":false},"excerpt":{"rendered":"<p>Dieciocho artesanas y artesanos se embarcaron en la segunda edici\u00f3n de la Feria Artesan\u00edas Australes. La muestra, cuyo objetivo es la exhibici\u00f3n y comercializaci\u00f3n de obras a turistas que arriban&#8230; <a class=\"read-more\" href=\"https:\/\/www.radiopresidenteibanez.cl\/web\/inauguran-segunda-edicion-de-la-feria-artesanias-australes\/\">Leer m\u00e1s<\/a><\/p>\n","protected":false},"author":2,"featured_media":52289,"comment_status":"closed","ping_status":"closed","sticky":false,"template":"","format":"standard","meta":{"footnotes":""},"categories":[1],"tags":[],"class_list":["post-52288","post","type-post","status-publish","format-standard","has-post-thumbnail","hentry","category-cronica"],"_links":{"self":[{"href":"https:\/\/www.radiopresidenteibanez.cl\/web\/wp-json\/wp\/v2\/posts\/52288","targetHints":{"allow":["GET"]}}],"collection":[{"href":"https:\/\/www.radiopresidenteibanez.cl\/web\/wp-json\/wp\/v2\/posts"}],"about":[{"href":"https:\/\/www.radiopresidenteibanez.cl\/web\/wp-json\/wp\/v2\/types\/post"}],"author":[{"embeddable":true,"href":"https:\/\/www.radiopresidenteibanez.cl\/web\/wp-json\/wp\/v2\/users\/2"}],"replies":[{"embeddable":true,"href":"https:\/\/www.radiopresidenteibanez.cl\/web\/wp-json\/wp\/v2\/comments?post=52288"}],"version-history":[{"count":0,"href":"https:\/\/www.radiopresidenteibanez.cl\/web\/wp-json\/wp\/v2\/posts\/52288\/revisions"}],"wp:featuredmedia":[{"embeddable":true,"href":"https:\/\/www.radiopresidenteibanez.cl\/web\/wp-json\/wp\/v2\/media\/52289"}],"wp:attachment":[{"href":"https:\/\/www.radiopresidenteibanez.cl\/web\/wp-json\/wp\/v2\/media?parent=52288"}],"wp:term":[{"taxonomy":"category","embeddable":true,"href":"https:\/\/www.radiopresidenteibanez.cl\/web\/wp-json\/wp\/v2\/categories?post=52288"},{"taxonomy":"post_tag","embeddable":true,"href":"https:\/\/www.radiopresidenteibanez.cl\/web\/wp-json\/wp\/v2\/tags?post=52288"}],"curies":[{"name":"wp","href":"https:\/\/api.w.org\/{rel}","templated":true}]}}