{"id":52282,"date":"2024-11-11T16:57:00","date_gmt":"2024-11-11T19:57:00","guid":{"rendered":"https:\/\/www.radiopresidenteibanez.cl\/web\/?p=52282"},"modified":"2024-11-11T15:00:25","modified_gmt":"2024-11-11T18:00:25","slug":"la-junji-magallanes-invita-a-postular-a-salas-cuna-y-jardines-infantiles","status":"publish","type":"post","link":"https:\/\/www.radiopresidenteibanez.cl\/web\/la-junji-magallanes-invita-a-postular-a-salas-cuna-y-jardines-infantiles\/","title":{"rendered":"LA JUNJI MAGALLANES INVITA A POSTULAR A SALAS CUNA Y JARDINES INFANTILES"},"content":{"rendered":"\n<p>Para este 2025 la convocatoria se centra en la importancia de una cultura de asistencia y permanencia al primer nivel educativo. Por eso, el slogan&nbsp;<em>\u201cPorque es muy importante, \u00a1Vamos al Jard\u00edn!\u201d,<\/em>&nbsp;busca destacar que la Educaci\u00f3n Parvularia favorece que las ni\u00f1as y los ni\u00f1os jueguen, exploren, descubran sus emociones y aprendan en entornos desafiantes y enriquecedores.<\/p>\n\n\n\n<p>Actualmente,&nbsp;<strong>hay cupos disponibles<\/strong>&nbsp;en las 21 salas cuna y jardines infantiles de administraci\u00f3n directa de la Junta Nacional de Jardines Infantiles (Junji) en la Regi\u00f3n de Magallanes y de la Ant\u00e1rtica Chilena, por lo que el llamado es a postular en l\u00ednea a trav\u00e9s del Sistema de Inscripci\u00f3n en L\u00ednea (SIM Online)&nbsp;<a href=\"https:\/\/simonline.junji.gob.cl\/postulacionOnline\/\" target=\"_blank\" rel=\"noreferrer noopener\">https:\/\/simonline.junji.gob.cl\/postulacionOnline\/<\/a>.<\/p>\n\n\n\n<p>Otra alternativa, es asistir de manera presencial a la sala cuna y jard\u00edn infantil de su preferencia o postular a trav\u00e9s de la oficina regional del Sistema de Informaci\u00f3n y Atenci\u00f3n Ciudadana (SIAC), ubicada en Jos\u00e9 Men\u00e9ndez 788, Punta Arenas.<\/p>\n\n\n\n<p><em>\u201cLa Educaci\u00f3n Parvularia es fundamental para el desarrollo y bienestar integral de las ni\u00f1as y los ni\u00f1os. Este primer nivel permite favorecer la autonom\u00eda progresiva, la socializaci\u00f3n, vivenciar experiencias de aprendizaje l\u00fadicas, desafiantes y vinculantes. Tal como dice el slogan de nuestra campa\u00f1a \u2018Porque es muy importante. Vamos Al Jard\u00edn\u2019,&nbsp;<\/em>asegur\u00f3 Daniela Trivi\u00f1o Millar, vicepresidenta ejecutiva de la Junji.<\/p>\n\n\n\n<p>La postulaci\u00f3n comenz\u00f3 el 21 de octubre y estar\u00e1 disponible hasta el 29 de noviembre de 2024. La entrega de resultados ser\u00e1 el 18 de diciembre y el periodo de matr\u00edcula est\u00e1 contemplado desde el 23 de diciembre al 14 de enero de 2025. Para m\u00e1s informaci\u00f3n ingresa a&nbsp;<a href=\"http:\/\/www.junji.cl\/\" target=\"_blank\" rel=\"noreferrer noopener\">www.junji.cl<\/a><\/p>\n","protected":false},"excerpt":{"rendered":"<p>Para este 2025 la convocatoria se centra en la importancia de una cultura de asistencia y permanencia al primer nivel educativo. Por eso, el slogan&nbsp;\u201cPorque es muy importante, \u00a1Vamos al&#8230; <a class=\"read-more\" href=\"https:\/\/www.radiopresidenteibanez.cl\/web\/la-junji-magallanes-invita-a-postular-a-salas-cuna-y-jardines-infantiles\/\">Leer m\u00e1s<\/a><\/p>\n","protected":false},"author":2,"featured_media":52283,"comment_status":"closed","ping_status":"closed","sticky":false,"template":"","format":"standard","meta":{"footnotes":""},"categories":[1],"tags":[],"class_list":["post-52282","post","type-post","status-publish","format-standard","has-post-thumbnail","hentry","category-cronica"],"_links":{"self":[{"href":"https:\/\/www.radiopresidenteibanez.cl\/web\/wp-json\/wp\/v2\/posts\/52282","targetHints":{"allow":["GET"]}}],"collection":[{"href":"https:\/\/www.radiopresidenteibanez.cl\/web\/wp-json\/wp\/v2\/posts"}],"about":[{"href":"https:\/\/www.radiopresidenteibanez.cl\/web\/wp-json\/wp\/v2\/types\/post"}],"author":[{"embeddable":true,"href":"https:\/\/www.radiopresidenteibanez.cl\/web\/wp-json\/wp\/v2\/users\/2"}],"replies":[{"embeddable":true,"href":"https:\/\/www.radiopresidenteibanez.cl\/web\/wp-json\/wp\/v2\/comments?post=52282"}],"version-history":[{"count":0,"href":"https:\/\/www.radiopresidenteibanez.cl\/web\/wp-json\/wp\/v2\/posts\/52282\/revisions"}],"wp:featuredmedia":[{"embeddable":true,"href":"https:\/\/www.radiopresidenteibanez.cl\/web\/wp-json\/wp\/v2\/media\/52283"}],"wp:attachment":[{"href":"https:\/\/www.radiopresidenteibanez.cl\/web\/wp-json\/wp\/v2\/media?parent=52282"}],"wp:term":[{"taxonomy":"category","embeddable":true,"href":"https:\/\/www.radiopresidenteibanez.cl\/web\/wp-json\/wp\/v2\/categories?post=52282"},{"taxonomy":"post_tag","embeddable":true,"href":"https:\/\/www.radiopresidenteibanez.cl\/web\/wp-json\/wp\/v2\/tags?post=52282"}],"curies":[{"name":"wp","href":"https:\/\/api.w.org\/{rel}","templated":true}]}}