{"id":5228,"date":"2019-06-21T14:20:52","date_gmt":"2019-06-21T14:20:52","guid":{"rendered":"http:\/\/www.radiopresidenteibanez.cl\/web\/?p=5228"},"modified":"2019-06-21T14:21:06","modified_gmt":"2019-06-21T14:21:06","slug":"con-fondos-de-sercotec-16-almaceneros-y-almaceneras-de-magallanes-digitalizaran-sus-negocios","status":"publish","type":"post","link":"https:\/\/www.radiopresidenteibanez.cl\/web\/con-fondos-de-sercotec-16-almaceneros-y-almaceneras-de-magallanes-digitalizaran-sus-negocios\/","title":{"rendered":"CON FONDOS DE SERCOTEC: 16 ALMACENEROS Y ALMACENERAS DE MAGALLANES DIGITALIZAR\u00c1N SUS NEGOCIOS"},"content":{"rendered":"\n<p>El Servicio de Cooperaci\u00f3n T\u00e9cnica de Magallanes y\nAnt\u00e1rtica Chilena, benefici\u00f3 a 16 almaceneros y almaceneras de la Regi\u00f3n con\nhasta $2 millones para la digitalizaci\u00f3n de sus negocios y as\u00ed mejorar su\ngesti\u00f3n y la atenci\u00f3n a sus clientes, eso a trav\u00e9s del fondo concursable\n#DigitalizaTuAlmacen.<\/p>\n\n\n\n<p>Al respecto, la directora regional de Sercotec Magallanes,\nMar\u00eda Soledad Solo de Zald\u00edvar, se\u00f1al\u00f3 que \u201choy con Digitaliza tu Almac\u00e9n, favorecimos\na 16 almacenes con un monto total superior a las $45 millones. Este fondo\nconcursable trae muchos beneficios, por ejemplo, todo lo que es mejorar la\natenci\u00f3n con el cliente, poder aumentar las ventas, reducir los costos, poder\ntener sobre todo la fidelizaci\u00f3n con nuestros clientes y todo esto, gracias y\ntrav\u00e9s de las postulaciones a los kit, donde ven\u00eda la caja registradora, c\u00f3digo\nde barra y por supuesto, para poder tener nuestro stock de mercader\u00eda. Chile\nest\u00e1 avanzando, vamos a los tiempos, como nos ha pedido nuestro Presidente\nSebasti\u00e1n Pi\u00f1era y eso, es lo que queremos lograr\u201d. <\/p>\n\n\n\n<p>Destacar que a nivel regional fueron 16 almaceneros y\nalmaceneras beneficiadas, de los cuales 12 fueron de Punta Arenas, 2 de Puerto\nWilliams, 1 de Puerto Natales y 1 de Porvenir. <\/p>\n\n\n\n<p>Asimismo, la seremi de Econom\u00eda, Fomento y Turismo,\nNatalia Easton, manifest\u00f3 que \u201ccomo gobierno estamos convencidos de que la\ndigitalizaci\u00f3n es clave a la hora de poder subirnos al carro de la revoluci\u00f3n\ntecnol\u00f3gica y poder llegar al desarrollo integral que tanto queremos para\nnuestro pa\u00eds y por eso, rescato esta gran iniciativa de Sercotec, del programa\nDigitaliza Tu Almac\u00e9n, porque nos permite a trav\u00e9s de nuestros almacenes de\nbarrio, que son tan importantes para el desarrollo de nuestras vidas en\ncomunidad, el poder avanzar en tener mayor tecnolog\u00eda, en digitalizar nuestro servicio\ny de esa manera, ayudar a crecer estos negocios y a poder seguir avanzando en\nesta revoluci\u00f3n digital desde nuestros Almacenes de Chile\u201d&nbsp; <\/p>\n\n\n\n<p>Una de las beneficiarias fue Mirtha Zambelich, quien es\ndue\u00f1a del Quiosco y Bazar \u201cDetalles\u201d y afirm\u00f3 que \u201cfeliz primero que nada y\nagradecida por haber sido beneficiada y lo que voy a hacer principalmente es\ncrecer mi negocio con esta noticia, porque voy a instalar un Software que me\npermitir\u00e1 poder tener control de mis productos, de mi inventario, poder atender\nmejor a los clientes, m\u00e1s r\u00e1pido, tener m\u00e1s tiempo para m\u00ed, saber en el fondo\nque es lo que tengo, lo que necesito compra y lo que no\u201d. <\/p>\n\n\n\n<p><strong>Los postulantes,\npara poder optar a este fondo concursable, deb\u00edan obligatoriamente realizar una\ncapacitaci\u00f3n online del Programa Almacenes de Chile, la cual realizaron en <\/strong><a href=\"http:\/\/www.almacenesdechile.cl\"><strong>www.almacenesdechile.cl<\/strong><\/a><strong> y les ayudaba a mejorar la gesti\u00f3n de sus almacenes.<\/strong><\/p>\n\n\n\n<p>Cabe se\u00f1alar que el Fondo Concursable #DigitalizaTuAlmacen se realiza en el marco del Programa Almacenes de Chile, dependiente del Ministerio de Econom\u00eda, Fomento y Turismo, que ya tiene tres a\u00f1os de funcionamiento y que entrega capacitaci\u00f3n online gratuita para organizar de mejor forma el negocio, reducir costos y aumentar las ventas. <\/p>\n\n\n\n<figure class=\"wp-block-image\"><img loading=\"lazy\" decoding=\"async\" width=\"900\" height=\"496\" src=\"https:\/\/www.radiopresidenteibanez.cl\/web\/wp-content\/uploads\/2019\/06\/Foto-1.jpg\" alt=\"\" class=\"wp-image-5229\" srcset=\"https:\/\/www.radiopresidenteibanez.cl\/web\/wp-content\/uploads\/2019\/06\/Foto-1.jpg 900w, https:\/\/www.radiopresidenteibanez.cl\/web\/wp-content\/uploads\/2019\/06\/Foto-1-300x165.jpg 300w, https:\/\/www.radiopresidenteibanez.cl\/web\/wp-content\/uploads\/2019\/06\/Foto-1-768x423.jpg 768w\" sizes=\"auto, (max-width: 900px) 100vw, 900px\" \/><\/figure>\n","protected":false},"excerpt":{"rendered":"<p>El Servicio de Cooperaci\u00f3n T\u00e9cnica de Magallanes y Ant\u00e1rtica Chilena, benefici\u00f3 a 16 almaceneros y almaceneras de la Regi\u00f3n con hasta $2 millones para la digitalizaci\u00f3n de sus negocios y&#8230; <a class=\"read-more\" href=\"https:\/\/www.radiopresidenteibanez.cl\/web\/con-fondos-de-sercotec-16-almaceneros-y-almaceneras-de-magallanes-digitalizaran-sus-negocios\/\">Leer m\u00e1s<\/a><\/p>\n","protected":false},"author":2,"featured_media":5229,"comment_status":"closed","ping_status":"closed","sticky":false,"template":"","format":"standard","meta":{"footnotes":""},"categories":[1],"tags":[],"class_list":["post-5228","post","type-post","status-publish","format-standard","has-post-thumbnail","hentry","category-cronica"],"_links":{"self":[{"href":"https:\/\/www.radiopresidenteibanez.cl\/web\/wp-json\/wp\/v2\/posts\/5228","targetHints":{"allow":["GET"]}}],"collection":[{"href":"https:\/\/www.radiopresidenteibanez.cl\/web\/wp-json\/wp\/v2\/posts"}],"about":[{"href":"https:\/\/www.radiopresidenteibanez.cl\/web\/wp-json\/wp\/v2\/types\/post"}],"author":[{"embeddable":true,"href":"https:\/\/www.radiopresidenteibanez.cl\/web\/wp-json\/wp\/v2\/users\/2"}],"replies":[{"embeddable":true,"href":"https:\/\/www.radiopresidenteibanez.cl\/web\/wp-json\/wp\/v2\/comments?post=5228"}],"version-history":[{"count":0,"href":"https:\/\/www.radiopresidenteibanez.cl\/web\/wp-json\/wp\/v2\/posts\/5228\/revisions"}],"wp:featuredmedia":[{"embeddable":true,"href":"https:\/\/www.radiopresidenteibanez.cl\/web\/wp-json\/wp\/v2\/media\/5229"}],"wp:attachment":[{"href":"https:\/\/www.radiopresidenteibanez.cl\/web\/wp-json\/wp\/v2\/media?parent=5228"}],"wp:term":[{"taxonomy":"category","embeddable":true,"href":"https:\/\/www.radiopresidenteibanez.cl\/web\/wp-json\/wp\/v2\/categories?post=5228"},{"taxonomy":"post_tag","embeddable":true,"href":"https:\/\/www.radiopresidenteibanez.cl\/web\/wp-json\/wp\/v2\/tags?post=5228"}],"curies":[{"name":"wp","href":"https:\/\/api.w.org\/{rel}","templated":true}]}}