{"id":52276,"date":"2024-11-11T13:49:00","date_gmt":"2024-11-11T16:49:00","guid":{"rendered":"https:\/\/www.radiopresidenteibanez.cl\/web\/?p=52276"},"modified":"2024-11-11T11:34:13","modified_gmt":"2024-11-11T14:34:13","slug":"mop-construira-aparcadero-de-camiones-en-punta-arenas","status":"publish","type":"post","link":"https:\/\/www.radiopresidenteibanez.cl\/web\/mop-construira-aparcadero-de-camiones-en-punta-arenas\/","title":{"rendered":"MOP construir\u00e1 aparcadero de camiones en Punta Arenas"},"content":{"rendered":"\n<p>El crecimiento experimentado en los \u00faltimos a\u00f1os en el transporte de productos, ha hecho que se incremente considerablemente el n\u00famero de camiones existentes en el radio urbano de la ciudad de Punta Arenas.<br>Este aumento gener\u00f3 la necesidad de disponer de un lugar exclusivo destinado a estacionamientos, iniciativa que abordar\u00e1 la Direcci\u00f3n de Vialidad del Ministerio de Obras P\u00fablicas.<br>Se trata de la construcci\u00f3n de un aparcadero, cuyo proyecto conocieron en terreno representantes de la Asociaci\u00f3n Gremial de Due\u00f1os de Camiones (Asoducam), en voz del Seremi de Obras P\u00fablicas Jos\u00e9 Luis Hern\u00e1ndez y de la Directora Regional de Vialidad Valeria Oyarzo.<br>El Seremi del MOP detall\u00f3 que el proyecto considera adem\u00e1s la construcci\u00f3n de instalaciones administrativas, y otras edificaciones de apoyo para los choferes de camiones que requieren de mejores condiciones, como servicios higi\u00e9nicos, patio de comida, sala de<br>reuniones y porter\u00eda, entre otros.<br>La iniciativa, que se ejecutar\u00e1 en el sector de R\u00edo Seco, contempla adem\u00e1s cierres perimetrales para toda el \u00e1rea de estacionamientos.<br>\u201cCon la ejecuci\u00f3n de esta obra adem\u00e1s estamos dotando de mayor seguridad vial a nuestra regi\u00f3n, pudiendo contar con un aparcadero que re\u00fana a los camiones en un solo establecimiento y evitar que queden estacionados en las distintas v\u00edas de la ciudad, como en el sector de Tres Puentes, donde producen riesgos de accidentabilidad y de seguridad para ellos y para quienes transitan por all\u00ed\u201d, concluy\u00f3 el Seremi de Obras P\u00fablicas, Jos\u00e9 Luis Hern\u00e1ndez.<\/p>\n","protected":false},"excerpt":{"rendered":"<p>El crecimiento experimentado en los \u00faltimos a\u00f1os en el transporte de productos, ha hecho que se incremente considerablemente el n\u00famero de camiones existentes en el radio urbano de la ciudad&#8230; <a class=\"read-more\" href=\"https:\/\/www.radiopresidenteibanez.cl\/web\/mop-construira-aparcadero-de-camiones-en-punta-arenas\/\">Leer m\u00e1s<\/a><\/p>\n","protected":false},"author":2,"featured_media":52277,"comment_status":"closed","ping_status":"closed","sticky":false,"template":"","format":"standard","meta":{"footnotes":""},"categories":[1],"tags":[],"class_list":["post-52276","post","type-post","status-publish","format-standard","has-post-thumbnail","hentry","category-cronica"],"_links":{"self":[{"href":"https:\/\/www.radiopresidenteibanez.cl\/web\/wp-json\/wp\/v2\/posts\/52276","targetHints":{"allow":["GET"]}}],"collection":[{"href":"https:\/\/www.radiopresidenteibanez.cl\/web\/wp-json\/wp\/v2\/posts"}],"about":[{"href":"https:\/\/www.radiopresidenteibanez.cl\/web\/wp-json\/wp\/v2\/types\/post"}],"author":[{"embeddable":true,"href":"https:\/\/www.radiopresidenteibanez.cl\/web\/wp-json\/wp\/v2\/users\/2"}],"replies":[{"embeddable":true,"href":"https:\/\/www.radiopresidenteibanez.cl\/web\/wp-json\/wp\/v2\/comments?post=52276"}],"version-history":[{"count":0,"href":"https:\/\/www.radiopresidenteibanez.cl\/web\/wp-json\/wp\/v2\/posts\/52276\/revisions"}],"wp:featuredmedia":[{"embeddable":true,"href":"https:\/\/www.radiopresidenteibanez.cl\/web\/wp-json\/wp\/v2\/media\/52277"}],"wp:attachment":[{"href":"https:\/\/www.radiopresidenteibanez.cl\/web\/wp-json\/wp\/v2\/media?parent=52276"}],"wp:term":[{"taxonomy":"category","embeddable":true,"href":"https:\/\/www.radiopresidenteibanez.cl\/web\/wp-json\/wp\/v2\/categories?post=52276"},{"taxonomy":"post_tag","embeddable":true,"href":"https:\/\/www.radiopresidenteibanez.cl\/web\/wp-json\/wp\/v2\/tags?post=52276"}],"curies":[{"name":"wp","href":"https:\/\/api.w.org\/{rel}","templated":true}]}}