{"id":52273,"date":"2024-11-11T12:30:00","date_gmt":"2024-11-11T15:30:00","guid":{"rendered":"https:\/\/www.radiopresidenteibanez.cl\/web\/?p=52273"},"modified":"2024-11-11T10:43:33","modified_gmt":"2024-11-11T13:43:33","slug":"dia-del-trabajador-social-en-chile","status":"publish","type":"post","link":"https:\/\/www.radiopresidenteibanez.cl\/web\/dia-del-trabajador-social-en-chile\/","title":{"rendered":"DIA DEL TRABAJADOR SOCIAL EN CHILE"},"content":{"rendered":"\n<p>El 4 de mayo de 1925 se funda en Santiago de Chile la primera Escuela de Trabajo Social de Latinoam\u00e9rica y el Caribe. Esta nueva profesi\u00f3n surgi\u00f3 al alero del reci\u00e9n creado Ministerio de Higiene, Asistencia y Previsi\u00f3n Social, y muy particularmente, tras un breve paso por el precitado ministerio del doctor Alejandro del R\u00edo Soto Aguilar (1867-1939) quien fuera provisionalmente su primer ministro entre el 17 de octubre y el 23 de enero de 1925. Este connotado m\u00e9dico higienista chileno fue uno de los protagonistas en el surgimiento de esta primera escuela de Servicio Social en Chile.&nbsp;<\/p>\n\n\n\n<p>Su destacado rol en estos acontecimientos institucionales quedaron registrados en una publicaci\u00f3n de divulgaci\u00f3n cient\u00edfica de la \u00e9poca y donde resume sus gestiones fundacionales del siguiente modo: \u201cFue para m\u00ed motivo de especial satisfacci\u00f3n durante mi corto paso por el Ministerio de Higiene, Asistencia y Previsi\u00f3n Social poder dar impulso a estas nuevas orientaciones (\u2026) y echar siquiera las bases de las instituciones, obras y organizaciones que tienen estrecha relaci\u00f3n con estas carreras (\u2026). Llevan mi firma el decreto-ley que cre\u00f3 el Consejo Superior de Asistencia Social y los decretos que dieron forma a los Consejos Superiores de Protecci\u00f3n a la Infancia (\u2026) tuve tambi\u00e9n el honor de dictar el decreto-ley que crea la carrera (\u2026) En la preparaci\u00f3n del presupuesto vigente tuve el agrado de incluir asignaciones para dar vida a las nuevas instituciones y servicios y entre \u00e9stos a nuestra Escuela de Servicio Social. Bien puedo, pues, dar por compensados- los sacrificios y sinsabores que para m\u00ed significaron esos meses de ruda e inquieta labor en servicio del pa\u00eds\u201d (Revista de Beneficencia P\u00fablica, Tomo IX, Volumen 3, septiembre de 1925).&nbsp;<\/p>\n\n\n\n<p>Como se puede observar, el nacimiento del trabajo social chileno est\u00e1 situado en el contexto de un fen\u00f3meno sociopol\u00edtico m\u00e1s global que se relaciona con la emergencia de la denominada \u201cbeneficencia p\u00fablica\u201d. Y que en el caso de Chile tempranamente cristaliz\u00f3 en la Junta Central de Beneficencia (JCB), una naciente institucionalidad paraestatal que ten\u00eda la forma de una entidad semiaut\u00f3noma subvencionada por el Estado y que estaba encargada de organizar las prestaciones sociales a la poblaci\u00f3n chilena que se encontraba en estado de pobreza o necesidad a comienzos del siglo XX.&nbsp;<\/p>\n\n\n\n<p>En relaci\u00f3n a esta misma institucionalidad, cabe destacar que la figura institucional de las Juntas de Beneficencia p\u00fablica, ya sea en sus expresiones a escala nacional, provincial o departamental, como la instituci\u00f3n hom\u00f3nima existente en la \u00e9poca en la ciudad de Punta Arenas; ya hab\u00edan sido definidas legalmente a partir del siglo XIX en t\u00e9rminos de sus objetivos, estructura y funcionamiento. Y que de acuerdo a su primer reglamento ten\u00edan la siguiente misi\u00f3n y composici\u00f3n: \u201cLa direcci\u00f3n de los establecimientos p\u00fablicos de beneficencia en cada departamento de la Rep\u00fablica estar\u00e1 a cargo de una Junta compuesta por el siguiente personal (\u2026) En Santiago i Valpara\u00edso, de cuatro miembros elegidos por la Municipalidad (\u2026) de otros cuatro nombrados en la misma \u00e9poca por el Presidente de la Rep\u00fablica; i de los administradores i subadministradores de los establecimientos\u201d (Reglamento J de B, 1886). Como se puede observar en las disposiciones legales anteriores desde el Estado hay, desde fines del siglo XIX y principios del siglo XX una permanente preocupaci\u00f3n por incidir en las formas de organizaci\u00f3n, estructura y conducci\u00f3n de las Juntas de Beneficencia P\u00fablica a lo largo de todo el territorio nacional, ya sea a nivel local o departamental, en virtud de su calidad de \u00f3rganos operativos la Beneficencia P\u00fablica a lo largo del territorio de Chile.&nbsp;<\/p>\n\n\n\n<p>Por todo lo anteriormente planteado, en sus primeras d\u00e9cadas de vida, la formaci\u00f3n profesional de las y los trabajadores sociales tuvo una fuerte impronta formativa que hac\u00eda \u00e9nfasis en los aspectos m\u00e9dico-sociales y sanitarios en la configuraci\u00f3n de los problemas y necesidades que afectaban a vastos sectores de la sociedad chilena de la \u00e9poca.&nbsp;<\/p>\n\n\n\n<p>Sin embargo, ya en la segunda mitad del siglo XX, espec\u00edficamente en el a\u00f1o 1950, un grupo de asistentes sociales convocaron a una jornada de an\u00e1lisis de la realidad social en el contexto de una emergente realidad sociopol\u00edtica chilena, y estaban decididos a denunciar y visibilizar que las estructuras sociales marcadas por las desigualdades sociales eran la verdadera explicaci\u00f3n de las situaciones de pobreza, insalubridad e injusticia social en Chile. Y es de este modo, las y los trabajadores sociales de la \u00e9poca junto con realizar exitosamente sus jornadas de reflexi\u00f3n, cr\u00edtica y an\u00e1lisis de la nueva realidad social chilena; entre el 6 al 11 de noviembre de 1950, concluyeron estos debates con dos grandes acuerdos que marcar\u00edan el desarrollo futuro de la profesi\u00f3n en Chile. El primero, declara oficialmente el 11 de noviembre como el D\u00eda del Asistente Social. Y el segundo acuerdo, fue constituir la Federaci\u00f3n de Asistentes Sociales de Chile, organizaci\u00f3n sindical que a la postre se transformar\u00eda en el Colegio de Asistentes Sociales que se fund\u00f3 en octubre del a\u00f1o 1955 amparado en la Ley n\u00famero 11.934 que regulaba el funcionamiento de los colegios profesionales de la \u00e9poca.&nbsp;<\/p>\n\n\n\n<p>En virtud de todo ello, y con un trabajo social chileno ad portas de cumplir 100 a\u00f1os de vida profesional y disciplinaria en el \u00e1mbito de las ciencias sociales; vaya un gran abrazo y un fraternal saludo a todas y todos los\/las profesionales del trabajo social que en su\/nuestro d\u00eda conmemoramos un nacimiento social y colectivo de una profesi\u00f3n comprometida con un desarrollo social inclusivo y el protagonismo de&nbsp;&nbsp;las clases populares en el Chile contempor\u00e1neo.<\/p>\n","protected":false},"excerpt":{"rendered":"<p>El 4 de mayo de 1925 se funda en Santiago de Chile la primera Escuela de Trabajo Social de Latinoam\u00e9rica y el Caribe. Esta nueva profesi\u00f3n surgi\u00f3 al alero del&#8230; <a class=\"read-more\" href=\"https:\/\/www.radiopresidenteibanez.cl\/web\/dia-del-trabajador-social-en-chile\/\">Leer m\u00e1s<\/a><\/p>\n","protected":false},"author":2,"featured_media":52274,"comment_status":"closed","ping_status":"closed","sticky":false,"template":"","format":"standard","meta":{"footnotes":""},"categories":[1],"tags":[],"class_list":["post-52273","post","type-post","status-publish","format-standard","has-post-thumbnail","hentry","category-cronica"],"_links":{"self":[{"href":"https:\/\/www.radiopresidenteibanez.cl\/web\/wp-json\/wp\/v2\/posts\/52273","targetHints":{"allow":["GET"]}}],"collection":[{"href":"https:\/\/www.radiopresidenteibanez.cl\/web\/wp-json\/wp\/v2\/posts"}],"about":[{"href":"https:\/\/www.radiopresidenteibanez.cl\/web\/wp-json\/wp\/v2\/types\/post"}],"author":[{"embeddable":true,"href":"https:\/\/www.radiopresidenteibanez.cl\/web\/wp-json\/wp\/v2\/users\/2"}],"replies":[{"embeddable":true,"href":"https:\/\/www.radiopresidenteibanez.cl\/web\/wp-json\/wp\/v2\/comments?post=52273"}],"version-history":[{"count":0,"href":"https:\/\/www.radiopresidenteibanez.cl\/web\/wp-json\/wp\/v2\/posts\/52273\/revisions"}],"wp:featuredmedia":[{"embeddable":true,"href":"https:\/\/www.radiopresidenteibanez.cl\/web\/wp-json\/wp\/v2\/media\/52274"}],"wp:attachment":[{"href":"https:\/\/www.radiopresidenteibanez.cl\/web\/wp-json\/wp\/v2\/media?parent=52273"}],"wp:term":[{"taxonomy":"category","embeddable":true,"href":"https:\/\/www.radiopresidenteibanez.cl\/web\/wp-json\/wp\/v2\/categories?post=52273"},{"taxonomy":"post_tag","embeddable":true,"href":"https:\/\/www.radiopresidenteibanez.cl\/web\/wp-json\/wp\/v2\/tags?post=52273"}],"curies":[{"name":"wp","href":"https:\/\/api.w.org\/{rel}","templated":true}]}}