{"id":52264,"date":"2024-11-11T09:29:00","date_gmt":"2024-11-11T12:29:00","guid":{"rendered":"https:\/\/www.radiopresidenteibanez.cl\/web\/?p=52264"},"modified":"2024-11-11T08:25:52","modified_gmt":"2024-11-11T11:25:52","slug":"pingui-jornadas-de-tabsa-recaudo-dinero-y-sensibilizo-sobre-accesibilidad-a-isla-magdalena","status":"publish","type":"post","link":"https:\/\/www.radiopresidenteibanez.cl\/web\/pingui-jornadas-de-tabsa-recaudo-dinero-y-sensibilizo-sobre-accesibilidad-a-isla-magdalena\/","title":{"rendered":"Ping\u00fci Jornadas de TABSA recaud\u00f3 dinero y sensibiliz\u00f3 sobre accesibilidad a isla Magdalena"},"content":{"rendered":"\n<p>Con su capacidad de pasajeros al m\u00e1ximo zarp\u00f3 esta ma\u00f1ana el ferry Fueguino de TABSA rumbo a las ping\u00fcineras de Isla Magdalena, a dos horas de navegaci\u00f3n desde el terminal de Tres Puentes. Entre los pasajeros se encontraban los Embajadores de la Jornadas por la Rehabilitaci\u00f3n en Magallanes quienes formaron parte de una comitiva del Club de Leones de Punta Arenas, Cruz del Sur, en el marco de las Ping\u00fci Jornadas organizadas por la empresa, actividad que recaud\u00f3 un total de $3 millones que ser\u00e1n donados \u00edntegramente a la tradicional cruzada solidaria regional.<\/p>\n\n\n\n<p>As\u00ed lo destac\u00f3 el Gerente General de la compa\u00f1\u00eda, Crist\u00f3bal Kulczewski, quien tambi\u00e9n inform\u00f3 que TABSA donar\u00e1 otros $4 millones a las Jornadas. \u201cEl foco de esta actividad tambi\u00e9n ha sido el de generar conciencia sobre la accesibilidad a isla Magdalena y por ello, en conjunto con Conaf, tomamos una serie de medidas para que los Embajadores, que tienen movilidad reducida, pudieran embarcarse en el Fueguino y recorrer las ping\u00fcineras sin inconvenientes\u201d, explic\u00f3.<\/p>\n\n\n\n<p>Alejandro V\u00e1squez, Presidente del Club de Leones Cruz del Sur, junto con agradecer a TABSA por su buena disposici\u00f3n hacia las Jornadas destac\u00f3 las medidas de inclusi\u00f3n dispuestas por la empresa y Conaf. \u201cDel momento que nos hizo la invitaci\u00f3n a nuestros embajadores entendi\u00f3 que deb\u00eda tener ciertas condiciones para que ellos pudieran acceder a la nave y a la isla Magdalena, lo que es bueno porque abre el camino a otras personas con movilidad reducida\u201d.<\/p>\n\n\n\n<p>Manuel Cisternas, pap\u00e1 de Sim\u00f3n, Embajador de las Jornadas por la Rehabilitaci\u00f3n dijo sentirse \u201cmuy orgulloso de la proeza de Sim\u00f3n y muy agradecido de TABSA que nos ayudaron de hacer esto posible. Fue todo muy maravilloso\u201d.<\/p>\n\n\n\n<p>Francisco Vel\u00e1squez, tambi\u00e9n Embajador agradeci\u00f3 a la empresa indicando que \u201ces un bello aporte, agradecido de la gente que viaj\u00f3, que nos acompa\u00f1\u00f3 en el paseo\u201d. Carmen Navarro, la tercera Embajadora calific\u00f3 de \u201cfant\u00e1stico\u201d el viaje indicando que \u201cigual camin\u00e9 bastante y despu\u00e9s me pusieron en silla de ruedas. Siempre habr\u00e1 personas que van a agradecer estas ayudas que se implementan para personas minusv\u00e1lidas\u201d.<\/p>\n","protected":false},"excerpt":{"rendered":"<p>Con su capacidad de pasajeros al m\u00e1ximo zarp\u00f3 esta ma\u00f1ana el ferry Fueguino de TABSA rumbo a las ping\u00fcineras de Isla Magdalena, a dos horas de navegaci\u00f3n desde el terminal&#8230; <a class=\"read-more\" href=\"https:\/\/www.radiopresidenteibanez.cl\/web\/pingui-jornadas-de-tabsa-recaudo-dinero-y-sensibilizo-sobre-accesibilidad-a-isla-magdalena\/\">Leer m\u00e1s<\/a><\/p>\n","protected":false},"author":2,"featured_media":52265,"comment_status":"closed","ping_status":"closed","sticky":false,"template":"","format":"standard","meta":{"footnotes":""},"categories":[1],"tags":[],"class_list":["post-52264","post","type-post","status-publish","format-standard","has-post-thumbnail","hentry","category-cronica"],"_links":{"self":[{"href":"https:\/\/www.radiopresidenteibanez.cl\/web\/wp-json\/wp\/v2\/posts\/52264","targetHints":{"allow":["GET"]}}],"collection":[{"href":"https:\/\/www.radiopresidenteibanez.cl\/web\/wp-json\/wp\/v2\/posts"}],"about":[{"href":"https:\/\/www.radiopresidenteibanez.cl\/web\/wp-json\/wp\/v2\/types\/post"}],"author":[{"embeddable":true,"href":"https:\/\/www.radiopresidenteibanez.cl\/web\/wp-json\/wp\/v2\/users\/2"}],"replies":[{"embeddable":true,"href":"https:\/\/www.radiopresidenteibanez.cl\/web\/wp-json\/wp\/v2\/comments?post=52264"}],"version-history":[{"count":0,"href":"https:\/\/www.radiopresidenteibanez.cl\/web\/wp-json\/wp\/v2\/posts\/52264\/revisions"}],"wp:featuredmedia":[{"embeddable":true,"href":"https:\/\/www.radiopresidenteibanez.cl\/web\/wp-json\/wp\/v2\/media\/52265"}],"wp:attachment":[{"href":"https:\/\/www.radiopresidenteibanez.cl\/web\/wp-json\/wp\/v2\/media?parent=52264"}],"wp:term":[{"taxonomy":"category","embeddable":true,"href":"https:\/\/www.radiopresidenteibanez.cl\/web\/wp-json\/wp\/v2\/categories?post=52264"},{"taxonomy":"post_tag","embeddable":true,"href":"https:\/\/www.radiopresidenteibanez.cl\/web\/wp-json\/wp\/v2\/tags?post=52264"}],"curies":[{"name":"wp","href":"https:\/\/api.w.org\/{rel}","templated":true}]}}