{"id":52257,"date":"2024-11-10T17:31:00","date_gmt":"2024-11-10T20:31:00","guid":{"rendered":"https:\/\/www.radiopresidenteibanez.cl\/web\/?p=52257"},"modified":"2024-11-10T12:33:21","modified_gmt":"2024-11-10T15:33:21","slug":"punta-arenas-lanzan-libro-que-relaciona-poema-de-gabriela-mistral-con-pueblo-kawesqar","status":"publish","type":"post","link":"https:\/\/www.radiopresidenteibanez.cl\/web\/punta-arenas-lanzan-libro-que-relaciona-poema-de-gabriela-mistral-con-pueblo-kawesqar\/","title":{"rendered":"Punta Arenas: Lanzan libro que relaciona poema de Gabriela Mistral con pueblo kaw\u00e9sqar"},"content":{"rendered":"\n<p>Una joya po\u00e9tica. As\u00ed fue definido el libro Emigraci\u00f3n de p\u00e1jaros recientemente lanzado en Punta<br>Arenas. La nueva publicaci\u00f3n, inspirada en un poema la Premio Nobel de Literatura Gabriela Mistral,<br>trata de una madre kaw\u00e9sqar y su hijo que observan la llegada de una gran bandada de pel\u00edcanos<br>migrantes.<br>El proyecto fue publicado por la editorial Zig-Zag y cont\u00f3 con la colaboraci\u00f3n del Centro de<br>Investigaci\u00f3n Din\u00e1mica de Ecosistemas Marinos de Altas Latitudes (IDEAL) de la Universidad Austral<br>de Chile (UACh), busca reconocer y valorar a los pueblos originarios del extremo sur de Chile, con el<br>fin de preservar su cultura y cosmovisi\u00f3n.<br>La iniciativa surgi\u00f3 luego de que los periodistas Ricardo D\u00edaz y Andrea Navarro leyeran el poema e<br>imaginaran que se trataba de una mujer y un ni\u00f1o kaw\u00e9sqar navegando por la Patagonia, lugar en el<br>que Gabriela Mistral vivi\u00f3 y trabaj\u00f3. Luego, invitaron al ilustrador Carlos Denis a imaginar este relato.<br>La obra cont\u00f3 con la colaboraci\u00f3n de Patricia Messier y Felicia Gonz\u00e1lez, descendientes del pueblo<br>kaw\u00e9sqar, quienes residen en Punta Arenas.<br>M\u00e1s de 50 personas participaron en el lanzamiento del libro que se realiz\u00f3 en las dependencias del<br>Centro IDEAL. Ernesto Fern\u00e1ndez de Cabo, profesor de historia y encargado del Pabell\u00f3n Gabriela<br>Mistral del Liceo Sara Braun, present\u00f3 la obra y dar un contexto hist\u00f3rico del paso de la Premio Nobel<br>por la regi\u00f3n de Magallanes y Ant\u00e1rtica Chilena. \u201cCon este proyecto, los autores se unen al selecto<br>grupo de mistralianos que rescatan parte del legado de la Premio Nobel en las tierras australes\u201d, dijo.<br>Posteriormente, Patricia Messier Loncuante, relat\u00f3 c\u00f3mo fue el proceso de asesor\u00eda al proyecto<br>cultural. \u00abEntregar aportes culturales para la ilustraci\u00f3n de este poema ha sido muy importante, dado<br>que esta es la&nbsp;primera vez que se hace una intervenci\u00f3n donde descendientes kaw\u00e9sqar trabajan con<br>un texto de Gabriela Mistral. Esto le otorga un sello m\u00e1s cercano al lector\u00bb, asegur\u00f3.<br>Tras el lanzamiento, los autores llevaron a cabo una mediaci\u00f3n de lectura en la Escuela 18 de<br>septiembre y una visita al pabell\u00f3n Gabriela Mistral del Liceo Sara Braun. Luego, realizaron una<br>donaci\u00f3n de ejemplares a la coordinaci\u00f3n de la Red de Bibliotecas P\u00fablicas de Magallanes y Ant\u00e1rtica<br>Chilena, que permitir\u00e1 que el libro llegue a los 16 recintos de la regi\u00f3n.<br>Emigraci\u00f3n de p\u00e1jaros fue extra\u00eddo del Poema de Chile, una obra p\u00f3stuma publicada en 1967. El libro<br>contiene poemas escritos durante 20 a\u00f1os por la Nobel y que, al momento de su muerte, quedaron<br>dispersos y algunos inconclusos. El libro recorre la evocaci\u00f3n de la geograf\u00eda chilena mediante un<br>viaje de norte a sur, y cuenta la historia de los tres personajes que descubren Chile: un ni\u00f1o ind\u00edgena,<br>un huemul y una fantasma. En el texto emerge la sabidur\u00eda popular, las creencias religiosas cat\u00f3licas<br>y de diversas etnias, y las figuras de la mitolog\u00eda griega.<\/p>\n\n\n\n<p>En Punta Arenas Emigraci\u00f3n de p\u00e1jaros se encuentra disponible en librer\u00edas Marangunic y<br>Entrep\u00e1ginas. Las instituciones interesadas en realizar actividades de mediaci\u00f3n de lectura pueden<br>escribir un correo electr\u00f3nico a andrea.navarro@uach.cl.<\/p>\n","protected":false},"excerpt":{"rendered":"<p>Una joya po\u00e9tica. As\u00ed fue definido el libro Emigraci\u00f3n de p\u00e1jaros recientemente lanzado en PuntaArenas. La nueva publicaci\u00f3n, inspirada en un poema la Premio Nobel de Literatura Gabriela Mistral,trata de&#8230; <a class=\"read-more\" href=\"https:\/\/www.radiopresidenteibanez.cl\/web\/punta-arenas-lanzan-libro-que-relaciona-poema-de-gabriela-mistral-con-pueblo-kawesqar\/\">Leer m\u00e1s<\/a><\/p>\n","protected":false},"author":2,"featured_media":52258,"comment_status":"closed","ping_status":"closed","sticky":false,"template":"","format":"standard","meta":{"footnotes":""},"categories":[1],"tags":[],"class_list":["post-52257","post","type-post","status-publish","format-standard","has-post-thumbnail","hentry","category-cronica"],"_links":{"self":[{"href":"https:\/\/www.radiopresidenteibanez.cl\/web\/wp-json\/wp\/v2\/posts\/52257","targetHints":{"allow":["GET"]}}],"collection":[{"href":"https:\/\/www.radiopresidenteibanez.cl\/web\/wp-json\/wp\/v2\/posts"}],"about":[{"href":"https:\/\/www.radiopresidenteibanez.cl\/web\/wp-json\/wp\/v2\/types\/post"}],"author":[{"embeddable":true,"href":"https:\/\/www.radiopresidenteibanez.cl\/web\/wp-json\/wp\/v2\/users\/2"}],"replies":[{"embeddable":true,"href":"https:\/\/www.radiopresidenteibanez.cl\/web\/wp-json\/wp\/v2\/comments?post=52257"}],"version-history":[{"count":0,"href":"https:\/\/www.radiopresidenteibanez.cl\/web\/wp-json\/wp\/v2\/posts\/52257\/revisions"}],"wp:featuredmedia":[{"embeddable":true,"href":"https:\/\/www.radiopresidenteibanez.cl\/web\/wp-json\/wp\/v2\/media\/52258"}],"wp:attachment":[{"href":"https:\/\/www.radiopresidenteibanez.cl\/web\/wp-json\/wp\/v2\/media?parent=52257"}],"wp:term":[{"taxonomy":"category","embeddable":true,"href":"https:\/\/www.radiopresidenteibanez.cl\/web\/wp-json\/wp\/v2\/categories?post=52257"},{"taxonomy":"post_tag","embeddable":true,"href":"https:\/\/www.radiopresidenteibanez.cl\/web\/wp-json\/wp\/v2\/tags?post=52257"}],"curies":[{"name":"wp","href":"https:\/\/api.w.org\/{rel}","templated":true}]}}