{"id":5225,"date":"2019-06-21T14:17:04","date_gmt":"2019-06-21T14:17:04","guid":{"rendered":"http:\/\/www.radiopresidenteibanez.cl\/web\/?p=5225"},"modified":"2019-06-21T14:17:25","modified_gmt":"2019-06-21T14:17:25","slug":"trabajadores-de-bluriver-transmiten-sus-conocimientos-a-alumnos-de-acuicultura-del-liceo-maria-behety","status":"publish","type":"post","link":"https:\/\/www.radiopresidenteibanez.cl\/web\/trabajadores-de-bluriver-transmiten-sus-conocimientos-a-alumnos-de-acuicultura-del-liceo-maria-behety\/","title":{"rendered":"TRABAJADORES DE BLURIVER TRANSMITEN SUS CONOCIMIENTOS A ALUMNOS DE ACUICULTURA DEL LICEO MAR\u00cdA BEHETY"},"content":{"rendered":"\n<p>Motivar y traspasar sus conocimientos a los j\u00f3venes de\nla especialidad de Acuicultura del Liceo Mar\u00eda Behety, son los grandes desaf\u00edos\nde una serie de talleres que realizar\u00e1n los profesionales de BluRiver a los\nestudiantes de tercero y cuarto medio de este establecimiento t\u00e9cnico\nprofesional.<\/p>\n\n\n\n<p>Dentro de los contenidos est\u00e1n el funcionamiento de\nlos centros de cultivo, la importancia de la seguridad en la industria, los\nresguardos ambientales que se deben tomar en las operaciones, la anatom\u00eda y\npatolog\u00edas de los salmones, entre otros.<\/p>\n\n\n\n<p>La primera clase estuvo a cargo del subgerente de\nProducci\u00f3n de BluRiver, Pablo Sol\u00eds, quien realiz\u00f3 una presentaci\u00f3n sobre la\nfase del&nbsp; salm\u00f3n en agua dulce. \u201cComo\nprofesional es muy importante ayudar y colaborar en el desarrollo de los\nfuturos trabajadores de la industria y de la Regi\u00f3n. Es por ello que creo que\nser\u00e1 un gran aporte en su orientaci\u00f3n vocacional, para los nuevos desaf\u00edos que\nemprendan ellos que est\u00e1n ad portas de enfrentarse al mundo laboral\u201d, destac\u00f3.<\/p>\n\n\n\n<p>En tanto, la\nestudiante de 4\u00b0 medio de la especialidad,&nbsp;\nJaviera Arriagada, destac\u00f3: \u201cme parece muy bien, porque abre muchas\nposibilidades para nosotros, que estamos estudiando una carrera relacionada. Excelente\nque nos vengan a dar charlas y capacitaciones\u201d.<\/p>\n\n\n\n<p>La actividad, que se replica por segundo a\u00f1o\nconsecutivo, recibi\u00f3 el 2018 un reconocimiento de la\norganizaci\u00f3n de la Feria Internacional AquaSur, premio que destaca iniciativa\nque favorece a las comunidades en las cuales se desarrolla la industria del\nsalm\u00f3n en Chile.<\/p>\n\n\n\n<p>\u201cEste ciclo de charlas es muy positivo. Los alumnos\ndesde la sala ya comienzan a imaginarse muchas cosas, como los puestos donde\nles gustar\u00eda trabajar o bien donde podr\u00edan hacer sus pr\u00e1cticas, entonces a\nnosotros nos sirve mucho que vengan los profesionales a trasmitir sus\nconocimientos, su experiencia, porque nos sirve tambi\u00e9n de orientaci\u00f3n\nvocacional para ellos, para que el d\u00eda que les toque trabajar no vayan de un\npuesto a otro. Entonces tiene muchas cosas positivas que BluRiver en este caso\nest\u00e1 haciendo con nosotros\u201d, coment\u00f3 Manuel Gonz\u00e1lez, Jefe de la Carrera de\nAcuicultura del Liceo Mar\u00eda Behety. <\/p>\n\n\n\n<p>El gerente de BluRiver, Ignacio Covacevich, manifest\u00f3\nque \u201cel a\u00f1o pasado ya realizamos este trabajo. La verdad es que fue s\u00faper\nvalioso para ellos y para nosotros. Nosotros lo que hacemos &nbsp;es realizar una serie de charlas, &nbsp;que tienen que ver con todos los aspectos en\nlos que &nbsp;trabajamos en la empresa, desde\nfinanzas, costos en los centros de cultivo, la producci\u00f3n, la operaci\u00f3n,\nlog\u00edstica y adem\u00e1s agua dulce, todo el proceso en mar, y ahora estamos\nincluyendo temas de planta. Le damos un barniz y un poquito m\u00e1s de profundidad\nen algunos temas a los alumnos. Esto permite que ellos despu\u00e9s puedan realizar pr\u00e1cticas\ny &nbsp;que despu\u00e9s sean trabajadores que ocupen\nun lugar de trabajo en nuestra empresa\u201d. <\/p>\n\n\n\n<p>Gracias al trabajo realizado durante 2018, 12 j\u00f3venes de la especialidad realizaron su pr\u00e1ctica profesional en la empresa, y posteriormente, debido a su buen desempe\u00f1o, 4 fueron contratados y actualmente, se desempe\u00f1an como operarios en los centros de cultivo, resultados que esperan que se repliquen este 2019. <\/p>\n\n\n\n<figure class=\"wp-block-image\"><img loading=\"lazy\" decoding=\"async\" width=\"1024\" height=\"473\" src=\"https:\/\/www.radiopresidenteibanez.cl\/web\/wp-content\/uploads\/2019\/06\/Clases-1-1024x473.jpg\" alt=\"\" class=\"wp-image-5226\" srcset=\"https:\/\/www.radiopresidenteibanez.cl\/web\/wp-content\/uploads\/2019\/06\/Clases-1-1024x473.jpg 1024w, https:\/\/www.radiopresidenteibanez.cl\/web\/wp-content\/uploads\/2019\/06\/Clases-1-300x139.jpg 300w, https:\/\/www.radiopresidenteibanez.cl\/web\/wp-content\/uploads\/2019\/06\/Clases-1-768x355.jpg 768w, https:\/\/www.radiopresidenteibanez.cl\/web\/wp-content\/uploads\/2019\/06\/Clases-1.jpg 1200w\" sizes=\"auto, (max-width: 1024px) 100vw, 1024px\" \/><\/figure>\n","protected":false},"excerpt":{"rendered":"<p>Motivar y traspasar sus conocimientos a los j\u00f3venes de la especialidad de Acuicultura del Liceo Mar\u00eda Behety, son los grandes desaf\u00edos de una serie de talleres que realizar\u00e1n los profesionales&#8230; <a class=\"read-more\" href=\"https:\/\/www.radiopresidenteibanez.cl\/web\/trabajadores-de-bluriver-transmiten-sus-conocimientos-a-alumnos-de-acuicultura-del-liceo-maria-behety\/\">Leer m\u00e1s<\/a><\/p>\n","protected":false},"author":2,"featured_media":5226,"comment_status":"closed","ping_status":"closed","sticky":false,"template":"","format":"standard","meta":{"footnotes":""},"categories":[1],"tags":[],"class_list":["post-5225","post","type-post","status-publish","format-standard","has-post-thumbnail","hentry","category-cronica"],"_links":{"self":[{"href":"https:\/\/www.radiopresidenteibanez.cl\/web\/wp-json\/wp\/v2\/posts\/5225","targetHints":{"allow":["GET"]}}],"collection":[{"href":"https:\/\/www.radiopresidenteibanez.cl\/web\/wp-json\/wp\/v2\/posts"}],"about":[{"href":"https:\/\/www.radiopresidenteibanez.cl\/web\/wp-json\/wp\/v2\/types\/post"}],"author":[{"embeddable":true,"href":"https:\/\/www.radiopresidenteibanez.cl\/web\/wp-json\/wp\/v2\/users\/2"}],"replies":[{"embeddable":true,"href":"https:\/\/www.radiopresidenteibanez.cl\/web\/wp-json\/wp\/v2\/comments?post=5225"}],"version-history":[{"count":0,"href":"https:\/\/www.radiopresidenteibanez.cl\/web\/wp-json\/wp\/v2\/posts\/5225\/revisions"}],"wp:featuredmedia":[{"embeddable":true,"href":"https:\/\/www.radiopresidenteibanez.cl\/web\/wp-json\/wp\/v2\/media\/5226"}],"wp:attachment":[{"href":"https:\/\/www.radiopresidenteibanez.cl\/web\/wp-json\/wp\/v2\/media?parent=5225"}],"wp:term":[{"taxonomy":"category","embeddable":true,"href":"https:\/\/www.radiopresidenteibanez.cl\/web\/wp-json\/wp\/v2\/categories?post=5225"},{"taxonomy":"post_tag","embeddable":true,"href":"https:\/\/www.radiopresidenteibanez.cl\/web\/wp-json\/wp\/v2\/tags?post=5225"}],"curies":[{"name":"wp","href":"https:\/\/api.w.org\/{rel}","templated":true}]}}