{"id":52245,"date":"2024-11-08T17:49:00","date_gmt":"2024-11-08T20:49:00","guid":{"rendered":"https:\/\/www.radiopresidenteibanez.cl\/web\/?p=52245"},"modified":"2024-11-08T11:44:31","modified_gmt":"2024-11-08T14:44:31","slug":"subsecretaria-nicole-cardoch-participa-en-la-asamblea-anual-de-archi-en-punta-arenas","status":"publish","type":"post","link":"https:\/\/www.radiopresidenteibanez.cl\/web\/subsecretaria-nicole-cardoch-participa-en-la-asamblea-anual-de-archi-en-punta-arenas\/","title":{"rendered":"Subsecretaria Nicole Cardoch participa en la Asamblea anual de ARCHI en Punta Arenas"},"content":{"rendered":"\n<p>La subsecretaria General de Gobierno, Nicole Cardoch, junto al subsecretario de<br>Telecomunicaciones, Claudio Araya, el gobernador regional, Jorge Flies, y el<br>seremi de Gobierno, Andro Mimica, participaron este mi\u00e9rcoles en la inauguraci\u00f3n<br>de la Asamblea Nacional de la Asociaci\u00f3n de Radiodifusores de Chile (ARCHI)<br>2024, realizada en el Teatro Municipal de Punta Arenas, instancia en la que<br>convers\u00f3 sobre la asociatividad, el rol de la radio y trabajo que se est\u00e1 llevando a<br>cabo para robustecer al medio.<br>A trav\u00e9s de un video, el presidente Gabriel Boric destac\u00f3 que la radio es \u201cuno de<br>los medios m\u00e1s cre\u00edbles que tenemos hoy en d\u00eda en nuestra patria\u201d y valor\u00f3 la<br>funci\u00f3n que realizan \u201ctanto hombres y mujeres valientes, muchas veces an\u00f3nimos,<br>que con mucho trabajo, en particular en regiones, luchan d\u00eda a d\u00eda por mantener<br>sus radios\u201d.<br>La ministra secretaria general de Gobierno, Camila Vallejo, tambi\u00e9n envi\u00f3 un<br>saludo a la asociaci\u00f3n, donde subray\u00f3 que \u201csiguen contando con el compromiso<br>de nuestro gobierno para enfrentar todos los desaf\u00edos que vienen. Ya aumentamos<br>el fondo para el apoyo a los medios de comunicaci\u00f3n, que ha sido una tarea<br>importante para acompa\u00f1ar proyectos y sue\u00f1os\u201d.<br>La subsecretaria Nicole Cardoch, por su parte, valor\u00f3 el rol de la Asociaci\u00f3n de<br>Radiodifusores de Chile en la tarea de fortalecer y diversificar la matriz de medios<br>nacional. \u201cARCHI tiene las puertas abiertas en el Gobierno del Presidente Gabriel<br>Boric para seguir avanzando hacia un ecosistema de medios diverso y robusto.<br>Necesitamos su experiencia y capacidades para poder avanzar en este objetivo\u201d,<br>recalc\u00f3.<br>\u201cARCHI, con sus cerca de 1.200 radios asociadas en todo el pa\u00eds, aporta a la<br>diversidad de voces que reflejan nuestras distintas regiones, desde grandes<br>ciudades hasta localidades m\u00e1s aisladas. Ustedes ponen al aire, d\u00eda a d\u00eda, la<br>riqueza de nuestra diversidad cultural y social\u201d, subray\u00f3 la subsecretaria.<br>Junto a ello, la autoridad de Segegob record\u00f3 que a finales de septiembre se<br>entreg\u00f3 el Premio a la Trayectoria Radial, reconocimiento in\u00e9dito desde la<br>Segegob y adelant\u00f3 que \u201cen pocos meses m\u00e1s esperamos contar con los primeros<br>locutores y locutoras certificados gracias a un convenio firmado entre nuestro<br>Ministerio y ChileValora. Este proceso tambi\u00e9n es fruto del trabajo colaborativo<br>con ustedes y otras organizaciones del \u00e1mbito de las comunicaciones\u201d.<\/p>\n\n\n\n<p>La Asamblea de Archi se desarrolla en la regi\u00f3n de Magallanes entre el 6 y 9 de<br>noviembre con el objeto de reflexionar sobre el rol de la radio y aprender sobre<br>nuevas tendencias a trav\u00e9s de actividades en las que abordar\u00e1n temas como la<br>aplicaci\u00f3n de la inteligencia artificial y los desaf\u00edos de la organizaci\u00f3n.<\/p>\n","protected":false},"excerpt":{"rendered":"<p>La subsecretaria General de Gobierno, Nicole Cardoch, junto al subsecretario deTelecomunicaciones, Claudio Araya, el gobernador regional, Jorge Flies, y elseremi de Gobierno, Andro Mimica, participaron este mi\u00e9rcoles en la inauguraci\u00f3nde&#8230; <a class=\"read-more\" href=\"https:\/\/www.radiopresidenteibanez.cl\/web\/subsecretaria-nicole-cardoch-participa-en-la-asamblea-anual-de-archi-en-punta-arenas\/\">Leer m\u00e1s<\/a><\/p>\n","protected":false},"author":2,"featured_media":52246,"comment_status":"closed","ping_status":"closed","sticky":false,"template":"","format":"standard","meta":{"footnotes":""},"categories":[1],"tags":[],"class_list":["post-52245","post","type-post","status-publish","format-standard","has-post-thumbnail","hentry","category-cronica"],"_links":{"self":[{"href":"https:\/\/www.radiopresidenteibanez.cl\/web\/wp-json\/wp\/v2\/posts\/52245","targetHints":{"allow":["GET"]}}],"collection":[{"href":"https:\/\/www.radiopresidenteibanez.cl\/web\/wp-json\/wp\/v2\/posts"}],"about":[{"href":"https:\/\/www.radiopresidenteibanez.cl\/web\/wp-json\/wp\/v2\/types\/post"}],"author":[{"embeddable":true,"href":"https:\/\/www.radiopresidenteibanez.cl\/web\/wp-json\/wp\/v2\/users\/2"}],"replies":[{"embeddable":true,"href":"https:\/\/www.radiopresidenteibanez.cl\/web\/wp-json\/wp\/v2\/comments?post=52245"}],"version-history":[{"count":0,"href":"https:\/\/www.radiopresidenteibanez.cl\/web\/wp-json\/wp\/v2\/posts\/52245\/revisions"}],"wp:featuredmedia":[{"embeddable":true,"href":"https:\/\/www.radiopresidenteibanez.cl\/web\/wp-json\/wp\/v2\/media\/52246"}],"wp:attachment":[{"href":"https:\/\/www.radiopresidenteibanez.cl\/web\/wp-json\/wp\/v2\/media?parent=52245"}],"wp:term":[{"taxonomy":"category","embeddable":true,"href":"https:\/\/www.radiopresidenteibanez.cl\/web\/wp-json\/wp\/v2\/categories?post=52245"},{"taxonomy":"post_tag","embeddable":true,"href":"https:\/\/www.radiopresidenteibanez.cl\/web\/wp-json\/wp\/v2\/tags?post=52245"}],"curies":[{"name":"wp","href":"https:\/\/api.w.org\/{rel}","templated":true}]}}