{"id":52233,"date":"2024-11-08T12:33:00","date_gmt":"2024-11-08T15:33:00","guid":{"rendered":"https:\/\/www.radiopresidenteibanez.cl\/web\/?p=52233"},"modified":"2024-11-08T09:36:31","modified_gmt":"2024-11-08T12:36:31","slug":"registro-civil-difunde-nuevos-documentos-que-facilitaran-la-vida-de-las-personas","status":"publish","type":"post","link":"https:\/\/www.radiopresidenteibanez.cl\/web\/registro-civil-difunde-nuevos-documentos-que-facilitaran-la-vida-de-las-personas\/","title":{"rendered":"REGISTRO CIVIL DIFUNDE NUEVOS DOCUMENTOS QUE FACILITAR\u00c1N LA VIDA DE LAS PERSONAS"},"content":{"rendered":"\n<p>Una Jornada de Informaci\u00f3n y Di\u00e1logo Ciudadano sobre el Nuevo Sistema de Identificaci\u00f3n, que<br>comenzar\u00e1 a regir desde el pr\u00f3ximo 16 de diciembre, realiz\u00f3 en Punta Arenas el Servicio de<br>Registro Civil e Identificaci\u00f3n, en el Mall \u201cEspacio Urbano Pionero\u201d, destacando los alcances que<br>tendr\u00e1 la entrada en vigencia de las futuras c\u00e9dulas de identidad y pasaportes.<\/p>\n\n\n\n<p>Esta instancia, encabezada por la Seremi (S) de Justicia y DD.HH., Ver\u00f3nica Reyes Cea, y la<br>Directora Regional (S) del servicio, Marcela Guzm\u00e1n Cid, puso de relieve ante la comunidad los 140<br>a\u00f1os de existencia del Servicio de Registro Civil e Identificaci\u00f3n, como uno de los servicios m\u00e1s<br>antiguos y claves de la Rep\u00fablica, y que el 18 de noviembre conmemorar\u00e1 los 100 a\u00f1os de la<br>c\u00e9dula de identidad en Chile.<\/p>\n\n\n\n<p>Como Seremi (S), Ver\u00f3nica Reyes destac\u00f3 esta invitaci\u00f3n a conocer el Nuevo Sistema de<br>Identificaci\u00f3n que regir\u00e1 a nivel nacional, consistente en una nueva c\u00e9dula de identidad y nuevo<br>pasaporte, dotados de avanzada tecnolog\u00eda, contando la primera herramienta con 32 puntos de<br>seguridad, y el segundo con m\u00e1s 70 dispositivos respectivamente. Estos tienen que ver con<br>identificaci\u00f3n biom\u00e9trica y otras medidas secretas para que no puedan ser clonadas, agreg\u00f3.<\/p>\n\n\n\n<p>En ese contexto, felicit\u00f3 al Registro Civil por este nuevo hito en materia de identificaci\u00f3n, que<br>pone a Chile a la altura de los cinco sistemas m\u00e1s modernos y m\u00e1s seguros del mundo, y en cuya<br>implementaci\u00f3n llevan varios meses trabajando, por lo que invit\u00f3 a la ciudadan\u00eda \u201ca que<br>conozcamos este nuevo sistema, que entiendo es parte de la pol\u00edtica tanto del gobierno del<br>Presidente Boric como del Registro Civil\u201d.<\/p>\n\n\n\n<p>Por su parte, Marcela Guzm\u00e1n, Directora (S) del Registro Civil, resalt\u00f3 que a 13 a\u00f1os del \u00faltimo<br>proceso de avance en materia de identificaci\u00f3n, este nuevo desaf\u00edo los obliga hoy como servicio a<br>modernizarse a escala mayor, mediante nuevas tecnolog\u00eda y nuevo dise\u00f1o, cambio de mobiliario,<\/p>\n\n\n\n<p>de data center, nueva f\u00e1brica, nuevo cableado el\u00e9ctrico en oficinas y cableado de red, adem\u00e1s de<br>capacitarse como funcionarios para ponerse a la vanguardia. Agreg\u00f3 que tendr\u00e1n adem\u00e1s una<br>versi\u00f3n digital complementaria de los nuevos documentos, lo que permitir\u00e1 realizar tr\u00e1mites<br>digitales e incluso identificarse cuando la persona no porte su documento f\u00edsico.<\/p>\n\n\n\n<p>Acerca de la puesta en marcha, inform\u00f3 que en su oficina de cabecera de Punta Arenas<br>capacitar\u00e1n entre el 18 y el 22 de noviembre a todos sus funcionarios de la regi\u00f3n, por lo que<br>apelan a la comprensi\u00f3n de la ciudadan\u00eda, ya que esa semana tendr\u00e1n menos personal, al estar<br>trabajando en el sistema antiguo y en el sistema nuevo al mismo tiempo.<\/p>\n\n\n\n<p>En esos d\u00edas realizar\u00e1n emisiones de pruebas de c\u00e9dula y pasaporte, de manera de cotejar el<br>producto en todos sus aspectos. Del mismo modo, indic\u00f3 que los d\u00edas cercanos al 16 de diciembre<br>tendr\u00e1n los sistemas de c\u00e9dula en pausa, por lo que realizar\u00e1n atenciones de c\u00e9dula y pasaporte<br>exclusivamente para temas humanitarios. Del mismo modo, invit\u00f3 al p\u00fablico que quiera renovar<br>su documentaci\u00f3n \u201ca que agenden ojal\u00e1 de enero en adelante, para que nuestro sistema est\u00e9 al<br>100 por ciento y podamos entregar de manera expedita todos estos servicios a la comunidad\u201d.<\/p>\n\n\n\n<p>Finalmente, Beatriz Aburto Jara, Encargada Regional de Operaciones (S) del Registro Civil, se refiri\u00f3<br>en detalle a este hito importante, justo al cumplir este mes 100 a\u00f1os identificando a las personas,<br>modernizando dicho el sistema d\u00e9cada tras d\u00e9cada para incorporar avances en materia de<br>seguridad en c\u00e9dulas y pasaportes. Asimismo, resalt\u00f3 que a nivel institucional se trabaj\u00f3 en<br>conjunto para emitir el mejor dise\u00f1o que representara la esencia de Chile en ambos documentos,<br>con sus paisajes, flora y fauna, a trav\u00e9s de relieves y medidas de seguridad (bajo luz ultravioleta y<br>otras).<\/p>\n\n\n\n<p>Entre las personas asistentes a esta jornada, Raquel \u00c1lvarez Villarroel, Presidenta de la Uni\u00f3n<br>Comunal de Juntas de Vecinos \u201cHernando de Magallanes\u201d, valor\u00f3 esta presentaci\u00f3n que hizo el<br>Registro Civil, que como servicio cada 10 a\u00f1os implementa mejoras en sus documentos: \u201cEs muy<br>importante para la comunidad y todos los chilenos contar con una nueva c\u00e9dula de identidad, con<br>m\u00e1s tecnolog\u00eda, que resguarde nuestra seguridad y todos nuestros datos como chilenos\u201d.<\/p>\n","protected":false},"excerpt":{"rendered":"<p>Una Jornada de Informaci\u00f3n y Di\u00e1logo Ciudadano sobre el Nuevo Sistema de Identificaci\u00f3n, quecomenzar\u00e1 a regir desde el pr\u00f3ximo 16 de diciembre, realiz\u00f3 en Punta Arenas el Servicio deRegistro Civil&#8230; <a class=\"read-more\" href=\"https:\/\/www.radiopresidenteibanez.cl\/web\/registro-civil-difunde-nuevos-documentos-que-facilitaran-la-vida-de-las-personas\/\">Leer m\u00e1s<\/a><\/p>\n","protected":false},"author":2,"featured_media":52234,"comment_status":"closed","ping_status":"closed","sticky":false,"template":"","format":"standard","meta":{"footnotes":""},"categories":[1],"tags":[],"class_list":["post-52233","post","type-post","status-publish","format-standard","has-post-thumbnail","hentry","category-cronica"],"_links":{"self":[{"href":"https:\/\/www.radiopresidenteibanez.cl\/web\/wp-json\/wp\/v2\/posts\/52233","targetHints":{"allow":["GET"]}}],"collection":[{"href":"https:\/\/www.radiopresidenteibanez.cl\/web\/wp-json\/wp\/v2\/posts"}],"about":[{"href":"https:\/\/www.radiopresidenteibanez.cl\/web\/wp-json\/wp\/v2\/types\/post"}],"author":[{"embeddable":true,"href":"https:\/\/www.radiopresidenteibanez.cl\/web\/wp-json\/wp\/v2\/users\/2"}],"replies":[{"embeddable":true,"href":"https:\/\/www.radiopresidenteibanez.cl\/web\/wp-json\/wp\/v2\/comments?post=52233"}],"version-history":[{"count":0,"href":"https:\/\/www.radiopresidenteibanez.cl\/web\/wp-json\/wp\/v2\/posts\/52233\/revisions"}],"wp:featuredmedia":[{"embeddable":true,"href":"https:\/\/www.radiopresidenteibanez.cl\/web\/wp-json\/wp\/v2\/media\/52234"}],"wp:attachment":[{"href":"https:\/\/www.radiopresidenteibanez.cl\/web\/wp-json\/wp\/v2\/media?parent=52233"}],"wp:term":[{"taxonomy":"category","embeddable":true,"href":"https:\/\/www.radiopresidenteibanez.cl\/web\/wp-json\/wp\/v2\/categories?post=52233"},{"taxonomy":"post_tag","embeddable":true,"href":"https:\/\/www.radiopresidenteibanez.cl\/web\/wp-json\/wp\/v2\/tags?post=52233"}],"curies":[{"name":"wp","href":"https:\/\/api.w.org\/{rel}","templated":true}]}}