{"id":5222,"date":"2019-06-21T14:11:49","date_gmt":"2019-06-21T14:11:49","guid":{"rendered":"http:\/\/www.radiopresidenteibanez.cl\/web\/?p=5222"},"modified":"2019-06-21T14:12:16","modified_gmt":"2019-06-21T14:12:16","slug":"magallanes-en-100-palabras-lanza-su-cuarta-version","status":"publish","type":"post","link":"https:\/\/www.radiopresidenteibanez.cl\/web\/magallanes-en-100-palabras-lanza-su-cuarta-version\/","title":{"rendered":"MAGALLANES EN 100 PALABRAS\u201d LANZA SU CUARTA VERSI\u00d3N"},"content":{"rendered":"\n<p>Con una actividad en el\nMuseo Regional de Magallanes&nbsp; se lanz\u00f3 la\ncuarta versi\u00f3n de \u201cMagallanes en 100 Palabras\u201d, concurso de cuentos breves\npresentado por Fundaci\u00f3n Plagio y ENAP Magallanes, auspiciado por Methanex y\nque cuenta con la colaboraci\u00f3n de EPA Austral.<\/p>\n\n\n\n<p>El lanzamiento del\ncertamen cont\u00f3 con la participaci\u00f3n especial del actor magall\u00e1nico Julio\nMilostich, quien ley\u00f3 una selecci\u00f3n de cuentos ganadores de la pasada versi\u00f3n\ndel concurso frente a casi un centenar de estudiantes que llegaron a la\nactividad.<\/p>\n\n\n\n<p>En la ocasi\u00f3n, tambi\u00e9n se\nrepartieron de manera gratuita ejemplares con los mejores 100 cuentos de la\nversi\u00f3n 2018 de \u201cMagallanes en 100 palabras\u201d. <\/p>\n\n\n\n<p>Como parte del lanzamiento\nde la IV edici\u00f3n del concurso se realizar\u00e1 esta tarde otra actividad. Se trata\nde \u201cDi\u00e1logos Magall\u00e1nicos\u201d, encuentro en el que tambi\u00e9n participar\u00e1 el actor\nJulio Milostich, junto a los escritores Patricia Stambuk y Pavel Oyarz\u00fan, los\nque reflexionar\u00e1n acerca de la identidad de Magallanes. La instancia ser\u00e1\nliderada por el comunicador Oscar Espa\u00f1a. \u201cDi\u00e1logos Magall\u00e1nicos\u201d se realizar\u00e1\nhoy jueves a las 19 horas el Sal\u00f3n de Eventos de Cordenap, ubicado en Av.\nBulnes 01465. Entrada liberada, previa inscripci\u00f3n en las redes sociales del\nconcurso. <\/p>\n\n\n\n<p><strong>Concurso consolidado<\/strong><\/p>\n\n\n\n<p>Desde 2016, \u201cMagallanes\nen 100 palabras\u201d ha recibido m\u00e1s de 9 mil relatos. S\u00f3lo en 2018, se recibi\u00f3 un\n50% m\u00e1s de cuentos que en sus versiones anteriores, llegando a 4.979 relatos,\npor lo que los organizadores se mostraron muy entusiastas ante esta esta nueva\nversi\u00f3n. <\/p>\n\n\n\n<p>Para la Directora\nEjecutiva de la Fundaci\u00f3n Plagio, Carmen Garc\u00eda, el \u00e9xito de la versi\u00f3n\nanterior hace mirar a 2019 con grandes esperanzas: \u201cEstamos felices con la\ncantidad de cuentos recibidos en las versiones anteriores. Estamos confiados en\nque superaremos la cifra del a\u00f1o pasado, pues creemos que hay miles de\nhistorias m\u00e1s que se desean expresar y ser parte de este concurso, por eso\nqueremos motivar a todos los magall\u00e1nicos para que participen de esta cuarta\nversi\u00f3n\u201d.<\/p>\n\n\n\n<p>En tanto, Rodrigo\nBustamante, gerente de ENAP Magallanes, recalc\u00f3 la importancia que tiene el\nconcurso como constructor del imaginario colectivo de la regi\u00f3n. \u201cENAP es una\nempresa que naci\u00f3 en Magallanes y en ese sentido nos interesa no solo aportar a\nsu desarrollo econ\u00f3mico, sino tambi\u00e9n en lo social y cultural. Por eso hemos\nsido parte de este concurso y nos alegramos de que nuevamente contemos con\notras empresas que se suman a este desaf\u00edo de generar instancias que permitan\nque la comunidad se exprese y plasme en historias las singularidades de esta\nregi\u00f3n que siempre tiene mucho que contar. A trav\u00e9s de este concurso vamos\nconstruyendo identidad y eso es muy importante\u201d.<\/p>\n\n\n\n<p><strong>Ni\u00f1os y j\u00f3venes los m\u00e1s entusiastas <\/strong><\/p>\n\n\n\n<p>M\u00e1s del 60% de los\nrelatos recepcionados en 2018 fueron elaborados por ni\u00f1os, adolescentes y\nj\u00f3venes, convirti\u00e9ndose en los participantes m\u00e1s entusiastas del concurso. <\/p>\n\n\n\n<p>En esta l\u00ednea se ha\ndestacado, desde la organizaci\u00f3n, que la participaci\u00f3n de establecimientos\neducacionales de la regi\u00f3n \u2014que concursan por un premio especial\u2014 ha sido\nfundamental en la convocatoria, por lo que se mantendr\u00e1, con un especial\n\u00e9nfasis en su difusi\u00f3n. <\/p>\n\n\n\n<p><strong>Coordenadas para participar<\/strong><\/p>\n\n\n\n<p>La IV versi\u00f3n de\n\u201cMagallanes en 100 Palabras\u201d se realizar\u00e1 desde hoy jueves 20 de junio y estar\u00e1\nabierta hasta el viernes 30 de agosto. <\/p>\n\n\n\n<p>Cada participante podr\u00e1\nenviar un m\u00e1ximo de 5 cuentos de hasta 100 palabras, los que deber\u00e1n abordar la\nvida en la Regi\u00f3n de Magallanes y de la Ant\u00e1rtica Chilena. Estos podr\u00e1n ser\nenviados a trav\u00e9s de la p\u00e1gina web <a href=\"http:\/\/www.magallanesen100palabras.cl\/\">www.magallanesen100palabras.cl<\/a>o\ndepositarlos en los buzones ubicados en Enap de Punta Arenas, adem\u00e1s de\ndistintos puntos en Porvenir, Puerto Natales y Puerto Williams. <\/p>\n\n\n\n<p>Se entregar\u00e1n en total\nocho premios: $1.000.000 para el cuento ganador y $250.000 para cada una de las\ncinco menciones honrosas y el premio al Talento Joven, mientras que el Talento\nInfantil ganar\u00e1 una tablet. <\/p>\n\n\n\n<p>El jurado encargado de\nelegir a los cuentos ganadores est\u00e1 integrado por los escritores Antonio Gil,\nPavel Oyarz\u00fan y la periodista Faride Zer\u00e1n. <\/p>\n\n\n\n<p>Para impulsar la participaci\u00f3n de los establecimientos educacionales, se premiar\u00e1 al que m\u00e1s cuentos env\u00ede con una biblioteca de literatura chilena contempor\u00e1nea. <\/p>\n\n\n\n<figure class=\"wp-block-image\"><img loading=\"lazy\" decoding=\"async\" width=\"900\" height=\"547\" src=\"https:\/\/www.radiopresidenteibanez.cl\/web\/wp-content\/uploads\/2019\/06\/Lanzamiento-Magallanes-100-Palabras-1.jpg\" alt=\"\" class=\"wp-image-5223\" srcset=\"https:\/\/www.radiopresidenteibanez.cl\/web\/wp-content\/uploads\/2019\/06\/Lanzamiento-Magallanes-100-Palabras-1.jpg 900w, https:\/\/www.radiopresidenteibanez.cl\/web\/wp-content\/uploads\/2019\/06\/Lanzamiento-Magallanes-100-Palabras-1-300x182.jpg 300w, https:\/\/www.radiopresidenteibanez.cl\/web\/wp-content\/uploads\/2019\/06\/Lanzamiento-Magallanes-100-Palabras-1-768x467.jpg 768w\" sizes=\"auto, (max-width: 900px) 100vw, 900px\" \/><\/figure>\n","protected":false},"excerpt":{"rendered":"<p>Con una actividad en el Museo Regional de Magallanes&nbsp; se lanz\u00f3 la cuarta versi\u00f3n de \u201cMagallanes en 100 Palabras\u201d, concurso de cuentos breves presentado por Fundaci\u00f3n Plagio y ENAP Magallanes,&#8230; <a class=\"read-more\" href=\"https:\/\/www.radiopresidenteibanez.cl\/web\/magallanes-en-100-palabras-lanza-su-cuarta-version\/\">Leer m\u00e1s<\/a><\/p>\n","protected":false},"author":2,"featured_media":5223,"comment_status":"closed","ping_status":"closed","sticky":false,"template":"","format":"standard","meta":{"footnotes":""},"categories":[1],"tags":[],"class_list":["post-5222","post","type-post","status-publish","format-standard","has-post-thumbnail","hentry","category-cronica"],"_links":{"self":[{"href":"https:\/\/www.radiopresidenteibanez.cl\/web\/wp-json\/wp\/v2\/posts\/5222","targetHints":{"allow":["GET"]}}],"collection":[{"href":"https:\/\/www.radiopresidenteibanez.cl\/web\/wp-json\/wp\/v2\/posts"}],"about":[{"href":"https:\/\/www.radiopresidenteibanez.cl\/web\/wp-json\/wp\/v2\/types\/post"}],"author":[{"embeddable":true,"href":"https:\/\/www.radiopresidenteibanez.cl\/web\/wp-json\/wp\/v2\/users\/2"}],"replies":[{"embeddable":true,"href":"https:\/\/www.radiopresidenteibanez.cl\/web\/wp-json\/wp\/v2\/comments?post=5222"}],"version-history":[{"count":0,"href":"https:\/\/www.radiopresidenteibanez.cl\/web\/wp-json\/wp\/v2\/posts\/5222\/revisions"}],"wp:featuredmedia":[{"embeddable":true,"href":"https:\/\/www.radiopresidenteibanez.cl\/web\/wp-json\/wp\/v2\/media\/5223"}],"wp:attachment":[{"href":"https:\/\/www.radiopresidenteibanez.cl\/web\/wp-json\/wp\/v2\/media?parent=5222"}],"wp:term":[{"taxonomy":"category","embeddable":true,"href":"https:\/\/www.radiopresidenteibanez.cl\/web\/wp-json\/wp\/v2\/categories?post=5222"},{"taxonomy":"post_tag","embeddable":true,"href":"https:\/\/www.radiopresidenteibanez.cl\/web\/wp-json\/wp\/v2\/tags?post=5222"}],"curies":[{"name":"wp","href":"https:\/\/api.w.org\/{rel}","templated":true}]}}