{"id":52167,"date":"2024-11-05T18:19:00","date_gmt":"2024-11-05T21:19:00","guid":{"rendered":"https:\/\/www.radiopresidenteibanez.cl\/web\/?p=52167"},"modified":"2024-11-05T15:46:29","modified_gmt":"2024-11-05T18:46:29","slug":"dga-magallanes-realiza-mantencion-a-estacion-meteorologica-movil-en-glaciar-tyndall","status":"publish","type":"post","link":"https:\/\/www.radiopresidenteibanez.cl\/web\/dga-magallanes-realiza-mantencion-a-estacion-meteorologica-movil-en-glaciar-tyndall\/","title":{"rendered":"DGA Magallanes realiza mantenci\u00f3n a estaci\u00f3n meteorol\u00f3gica m\u00f3vil en glaciar Tyndall"},"content":{"rendered":"\n<p>La Direcci\u00f3n General de Aguas del Ministerio de Obras P\u00fablicas (MOP), monitorea<br>permanentemente los principales glaciares de la Regi\u00f3n de Magallanes y de la Ant\u00e1rtica<br>Chilena. Uno de ellos es el Glaciar Tyndall, el cual es parte del Parque Nacional Torres del<br>Paine y se ubica en el sector sudoriental del Campo de Hielo Sur.<br>En este marco, la Directora Regional de Aguas del MOP, Lorena Olivares, indic\u00f3 que<br>funcionarios de la DGA Magallanes se trasladaron hasta el Glaciar Tyndall para realizar la<br>mantenci\u00f3n a la estaci\u00f3n meteorol\u00f3gica autom\u00e1tica m\u00f3vil ubicada sobre la superficie<br>glaciar en el borde oriental.<br>Los trabajos consistieron en el cambio de bater\u00eda del equipo y ajuste de la direcci\u00f3n de su<br>antena para transmisi\u00f3n de datos. Asimismo, se revis\u00f3 la medici\u00f3n de los sensores y se<br>descargaron los datos acumulados.<br>Como inform\u00f3 el Seremi de Obras P\u00fablicas, Jos\u00e9 Luis Hern\u00e1ndez, el glaciar Tyndall fluye en<br>direcci\u00f3n sur y en su frente desprende en dos lagos proglaciares, Geike y Tyndall. En el<br>Inventario P\u00fablico de Glaciares vigente de la DGA, el glaciar pose\u00eda un \u00e1rea de 298.5 km2<br>(al a\u00f1o 2017), un espesor medio de 217.9 m, una altura m\u00e1xima de 2.299 metros sobre el<br>nivel del mar, una altura media de 1.054 metros sobre el nivel del mar, y una altitud<br>m\u00ednima de 124 metros sobre el nivel del mar.<br>La autoridad Regional de Aguas, Lorena Olivares, se\u00f1al\u00f3 por \u00faltimo que el glaciar Tyndall<br>es uno de los 12 glaciares a nivel pa\u00eds que la DGA monitorea con un balance de masas. Es<br>decir, mide cu\u00e1nta nieve y hielo se pierde en el periodo estival y cu\u00e1nta se acumula en<br>invierno, reflejando la variaci\u00f3n volum\u00e9trica de estos cuerpos de hielo.<br>Los resultados del balance de masas del Tyndall estar\u00e1n para mayo de 2025.<\/p>\n","protected":false},"excerpt":{"rendered":"<p>La Direcci\u00f3n General de Aguas del Ministerio de Obras P\u00fablicas (MOP), monitoreapermanentemente los principales glaciares de la Regi\u00f3n de Magallanes y de la Ant\u00e1rticaChilena. Uno de ellos es el Glaciar&#8230; <a class=\"read-more\" href=\"https:\/\/www.radiopresidenteibanez.cl\/web\/dga-magallanes-realiza-mantencion-a-estacion-meteorologica-movil-en-glaciar-tyndall\/\">Leer m\u00e1s<\/a><\/p>\n","protected":false},"author":2,"featured_media":52168,"comment_status":"closed","ping_status":"closed","sticky":false,"template":"","format":"standard","meta":{"footnotes":""},"categories":[1],"tags":[],"class_list":["post-52167","post","type-post","status-publish","format-standard","has-post-thumbnail","hentry","category-cronica"],"_links":{"self":[{"href":"https:\/\/www.radiopresidenteibanez.cl\/web\/wp-json\/wp\/v2\/posts\/52167","targetHints":{"allow":["GET"]}}],"collection":[{"href":"https:\/\/www.radiopresidenteibanez.cl\/web\/wp-json\/wp\/v2\/posts"}],"about":[{"href":"https:\/\/www.radiopresidenteibanez.cl\/web\/wp-json\/wp\/v2\/types\/post"}],"author":[{"embeddable":true,"href":"https:\/\/www.radiopresidenteibanez.cl\/web\/wp-json\/wp\/v2\/users\/2"}],"replies":[{"embeddable":true,"href":"https:\/\/www.radiopresidenteibanez.cl\/web\/wp-json\/wp\/v2\/comments?post=52167"}],"version-history":[{"count":0,"href":"https:\/\/www.radiopresidenteibanez.cl\/web\/wp-json\/wp\/v2\/posts\/52167\/revisions"}],"wp:featuredmedia":[{"embeddable":true,"href":"https:\/\/www.radiopresidenteibanez.cl\/web\/wp-json\/wp\/v2\/media\/52168"}],"wp:attachment":[{"href":"https:\/\/www.radiopresidenteibanez.cl\/web\/wp-json\/wp\/v2\/media?parent=52167"}],"wp:term":[{"taxonomy":"category","embeddable":true,"href":"https:\/\/www.radiopresidenteibanez.cl\/web\/wp-json\/wp\/v2\/categories?post=52167"},{"taxonomy":"post_tag","embeddable":true,"href":"https:\/\/www.radiopresidenteibanez.cl\/web\/wp-json\/wp\/v2\/tags?post=52167"}],"curies":[{"name":"wp","href":"https:\/\/api.w.org\/{rel}","templated":true}]}}