{"id":52164,"date":"2024-11-05T16:53:00","date_gmt":"2024-11-05T19:53:00","guid":{"rendered":"https:\/\/www.radiopresidenteibanez.cl\/web\/?p=52164"},"modified":"2024-11-05T15:19:21","modified_gmt":"2024-11-05T18:19:21","slug":"subdere-financiara-proyecto-de-reposicion-de-fosas-septicas-en-la-comuna-de-timaukel","status":"publish","type":"post","link":"https:\/\/www.radiopresidenteibanez.cl\/web\/subdere-financiara-proyecto-de-reposicion-de-fosas-septicas-en-la-comuna-de-timaukel\/","title":{"rendered":"Subdere financiar\u00e1 proyecto de reposici\u00f3n de fosas s\u00e9pticas en la comuna de Timaukel"},"content":{"rendered":"\n<p>Estos d\u00edas se anunci\u00f3 que la Subsecretar\u00eda de Desarrollo Regional<br>y Administrativo (Subdere), a trav\u00e9s del Programa Mejoramiento de Barrios (PMB),<br>financiar\u00e1 las obras de reposici\u00f3n de fosas s\u00e9pticas en la Villa Cameron de la comuna de<br>Timaukel en la provincia de Tierra del Fuego, y que cuenta con una inversi\u00f3n de<br>$284.805.546 para llevar a cabo este proyecto.<br>Esta iniciativa tiene por objetivo mejorar las condiciones b\u00e1sicas de vida de los habitantes<br>de esta villa, donde se busca reponer el sistema de tratamiento de aguas servidas que<br>reciben en la actualidad de diversas instalaciones como lo son viviendas municipales e<br>infraestructura o instalaciones que prestan servicio a la comunidad, como la Escuela Rural<br>Ignacio Carrera Pinto y su gimnasio, el Jard\u00edn Infantil Tolken Haru, la casa de acogida y<br>sede municipal, entre otros. Lo que se realizar\u00e1, mediante la implementaci\u00f3n de un<br>sistema de tratamiento de fosa s\u00e9ptica con sistema de infiltraci\u00f3n.<br>Durante a\u00f1os se ha estado utilizando un sistema de recolecci\u00f3n de aguas servidas, que<br>descarga directamente sin tratamiento en el r\u00edo MacKlelland. En algunos casos las<br>instalaciones cuentan con fosas s\u00e9pticas de antigua data que se encuentran en mal<br>estado, y sub-dimensionadas en sectores donde se han ido mejorando viviendas que son<br>utilizadas por funcionarios y sus familias.<br>El proyecto consiste en aumentar los sistemas de recolecci\u00f3n de aguas servidas y su<br>tratamiento, de modo de evitar la descarga directa en el r\u00edo MacKlelland, para lo cual se<br>ha considerado la construcci\u00f3n de cinco fosas s\u00e9pticas con su correspondiente sistema de<br>infiltraci\u00f3n mediante drenes.<br>La encargada de la Unidad Regional de Subdere (URS) de Magallanes, Daniella Panicucci,<br>se\u00f1ala que \u201ccon este proyecto se disminuir\u00e1n los da\u00f1os ambientales y los riesgos<br>sanitarios en la poblaci\u00f3n, lo que permitir\u00e1 mejorar las condiciones b\u00e1sicas de vida de los<br>habitantes de este sector de la comuna\u2019\u2019. Adem\u00e1s, agrega que \u2018\u2019el total entregado a la<\/p>\n\n\n\n<p>comuna de Timaukel, con siete proyectos que han recibido financiamiento desde el a\u00f1o<br>2022 hasta octubre de 2024, es con una inversi\u00f3n $1.518.947.913 que incluye esta<br>iniciativa reci\u00e9n aprobada\u2019\u2019.<br>El seremi de Gobierno, Andro Mimica, agreg\u00f3 que este gran proyecto: \u201cBusca que el<br>desarrollo tambi\u00e9n llegue a las comunas rurales. Es un tremendo y significativo paso para<br>los habitantes de la austral localidad en Tierra del Fuego\u201d.<br>Agreg\u00f3 que a este gran proyecto podemos sumar a los avances de la comuna, el dise\u00f1o de<br>construcci\u00f3n del Edificio Consistorial de Timaukel, con un 90% de desarrollo, iniciativa<br>financiada por el FNDR, y a cargo del departamento de Arquitectura del MOP. Como<br>tambi\u00e9n la obra Senda de penetraci\u00f3n Calafate Russfin, con un 60% avance, de<br>financiamiento sectorial, con una inversi\u00f3n de $17,850 MM.<br>Villa Cameron es un asentamiento humano de la comuna de Timaukel, que data de la<br>\u00e9poca de la Ganadera Tierra del Fuego, albergando una poblaci\u00f3n estimada de 96<br>habitantes. Se accede a ella, utilizando la ruta principal 257 e Y-50. En la actualidad es<br>adem\u00e1s la puerta de entrada a la comuna y posee un centro de servicios, contando con<br>una escuela rural b\u00e1sica, jard\u00edn infantil, posta rural de salud, y la municipalidad de<br>Timaukel, junto a viviendas municipales y particulares. Por otra parte, Villa Cameron<br>congrega a un grupo importante de actividades econ\u00f3micas que ofrecen sus servicios a los<br>turistas y tambi\u00e9n ganader\u00eda.<\/p>\n","protected":false},"excerpt":{"rendered":"<p>Estos d\u00edas se anunci\u00f3 que la Subsecretar\u00eda de Desarrollo Regionaly Administrativo (Subdere), a trav\u00e9s del Programa Mejoramiento de Barrios (PMB),financiar\u00e1 las obras de reposici\u00f3n de fosas s\u00e9pticas en la Villa&#8230; <a class=\"read-more\" href=\"https:\/\/www.radiopresidenteibanez.cl\/web\/subdere-financiara-proyecto-de-reposicion-de-fosas-septicas-en-la-comuna-de-timaukel\/\">Leer m\u00e1s<\/a><\/p>\n","protected":false},"author":2,"featured_media":52165,"comment_status":"closed","ping_status":"closed","sticky":false,"template":"","format":"standard","meta":{"footnotes":""},"categories":[1],"tags":[],"class_list":["post-52164","post","type-post","status-publish","format-standard","has-post-thumbnail","hentry","category-cronica"],"_links":{"self":[{"href":"https:\/\/www.radiopresidenteibanez.cl\/web\/wp-json\/wp\/v2\/posts\/52164","targetHints":{"allow":["GET"]}}],"collection":[{"href":"https:\/\/www.radiopresidenteibanez.cl\/web\/wp-json\/wp\/v2\/posts"}],"about":[{"href":"https:\/\/www.radiopresidenteibanez.cl\/web\/wp-json\/wp\/v2\/types\/post"}],"author":[{"embeddable":true,"href":"https:\/\/www.radiopresidenteibanez.cl\/web\/wp-json\/wp\/v2\/users\/2"}],"replies":[{"embeddable":true,"href":"https:\/\/www.radiopresidenteibanez.cl\/web\/wp-json\/wp\/v2\/comments?post=52164"}],"version-history":[{"count":0,"href":"https:\/\/www.radiopresidenteibanez.cl\/web\/wp-json\/wp\/v2\/posts\/52164\/revisions"}],"wp:featuredmedia":[{"embeddable":true,"href":"https:\/\/www.radiopresidenteibanez.cl\/web\/wp-json\/wp\/v2\/media\/52165"}],"wp:attachment":[{"href":"https:\/\/www.radiopresidenteibanez.cl\/web\/wp-json\/wp\/v2\/media?parent=52164"}],"wp:term":[{"taxonomy":"category","embeddable":true,"href":"https:\/\/www.radiopresidenteibanez.cl\/web\/wp-json\/wp\/v2\/categories?post=52164"},{"taxonomy":"post_tag","embeddable":true,"href":"https:\/\/www.radiopresidenteibanez.cl\/web\/wp-json\/wp\/v2\/tags?post=52164"}],"curies":[{"name":"wp","href":"https:\/\/api.w.org\/{rel}","templated":true}]}}