{"id":52161,"date":"2024-11-05T15:37:00","date_gmt":"2024-11-05T18:37:00","guid":{"rendered":"https:\/\/www.radiopresidenteibanez.cl\/web\/?p=52161"},"modified":"2024-11-05T15:12:46","modified_gmt":"2024-11-05T18:12:46","slug":"en-el-mes-del-continente-blanco-visita-la-primera-feria-antartica-ciudadana","status":"publish","type":"post","link":"https:\/\/www.radiopresidenteibanez.cl\/web\/en-el-mes-del-continente-blanco-visita-la-primera-feria-antartica-ciudadana\/","title":{"rendered":"En el Mes del Continente Blanco visita la primera Feria Ant\u00e1rtica Ciudadana"},"content":{"rendered":"\n<p>Del 6 al 10 de noviembre, Punta Arenas ser\u00e1 el escenario de la primera Feria Ant\u00e1rtica Ciudadana. Se trata de un encuentro para todas las edades que lleva por nombre \u201cAnt\u00e1rtica para tod@s\u201d y que se realizar\u00e1 en la sala de exposiciones de Zona Austral (Zona Franca).&nbsp;<\/p>\n\n\n\n<p>Este encuentro es de car\u00e1cter gratuito e invita a toda la comunidad a conocer m\u00e1s sobre el Continente Blanco concientizando y educando a la ciudadan\u00eda sobre la importancia de la preservaci\u00f3n de este ecosistema \u00fanico a trav\u00e9s de actividades interactivas, exposiciones y juegos did\u00e1cticos pensados para toda la familia.<\/p>\n\n\n\n<p>Durante cinco d\u00edas, las y los asistentes adem\u00e1s podr\u00e1n disfrutar de exposiciones fotogr\u00e1ficas que capturan la belleza de los paisajes ant\u00e1rticos y su fauna, con im\u00e1genes que muestran la diversidad y fragilidad del Continente Blanco. Asimismo, ser\u00e1 posible encontrarse con stands interactivos, donde se presentar\u00e1n las herramientas y tecnolog\u00edas utilizadas en las expediciones cient\u00edficas, permitiendo a los visitantes explorar el trabajo de los y las investigadoras. Tambi\u00e9n habr\u00e1n juegos de mesa con tem\u00e1tica ant\u00e1rtica, dise\u00f1ados para ense\u00f1ar de manera entretenida y educativa sobre la geograf\u00eda, el clima y la fauna, entre otras tem\u00e1ticas.&nbsp;<\/p>\n\n\n\n<p>Esta Feria Ant\u00e1rtica Ciudadana es el lugar ideal para que la familia disfrute de una experiencia educativa y recreativa, acerc\u00e1ndose a uno de los ecosistemas m\u00e1s importantes y menos conocidos del planeta.&nbsp;<\/p>\n\n\n\n<p>En esta actividad participan el Instituto Ant\u00e1rtico Chileno (INACH), Fundaci\u00f3n Ant\u00e1rtica 21, Instituto Milenio BASE, Centro IDEAL, Universidad de Magallanes, Centro CHIC, PAR Explora Magallanes, Laboratorio de Ecosistemas Marinos Ant\u00e1rticos y Subant\u00e1rticos (LemAS), el Centro GAIA Ant\u00e1rtica de la UMAG, Fundaci\u00f3n Teraike, Red de Artesanas Antartikanas, Fundaci\u00f3n Coalici\u00f3n de J\u00f3venes Ant\u00e1rticos, Armada de Chile, Ej\u00e9rcito de Chile, Fuerza A\u00e9rea de Chile, Antarctic Punta Arenas Logistics (APAL) y los proyectos Nodo Ciencia Austral y Nodo Laboratorios Naturales Subant\u00e1rticos.&nbsp;<\/p>\n\n\n\n<p>La inauguraci\u00f3n ser\u00e1 el mi\u00e9rcoles 6 de noviembre a las 15:00 horas en Zona Austral.&nbsp;<\/p>\n","protected":false},"excerpt":{"rendered":"<p>Del 6 al 10 de noviembre, Punta Arenas ser\u00e1 el escenario de la primera Feria Ant\u00e1rtica Ciudadana. Se trata de un encuentro para todas las edades que lleva por nombre&#8230; <a class=\"read-more\" href=\"https:\/\/www.radiopresidenteibanez.cl\/web\/en-el-mes-del-continente-blanco-visita-la-primera-feria-antartica-ciudadana\/\">Leer m\u00e1s<\/a><\/p>\n","protected":false},"author":2,"featured_media":52162,"comment_status":"closed","ping_status":"closed","sticky":false,"template":"","format":"standard","meta":{"footnotes":""},"categories":[1],"tags":[],"class_list":["post-52161","post","type-post","status-publish","format-standard","has-post-thumbnail","hentry","category-cronica"],"_links":{"self":[{"href":"https:\/\/www.radiopresidenteibanez.cl\/web\/wp-json\/wp\/v2\/posts\/52161","targetHints":{"allow":["GET"]}}],"collection":[{"href":"https:\/\/www.radiopresidenteibanez.cl\/web\/wp-json\/wp\/v2\/posts"}],"about":[{"href":"https:\/\/www.radiopresidenteibanez.cl\/web\/wp-json\/wp\/v2\/types\/post"}],"author":[{"embeddable":true,"href":"https:\/\/www.radiopresidenteibanez.cl\/web\/wp-json\/wp\/v2\/users\/2"}],"replies":[{"embeddable":true,"href":"https:\/\/www.radiopresidenteibanez.cl\/web\/wp-json\/wp\/v2\/comments?post=52161"}],"version-history":[{"count":0,"href":"https:\/\/www.radiopresidenteibanez.cl\/web\/wp-json\/wp\/v2\/posts\/52161\/revisions"}],"wp:featuredmedia":[{"embeddable":true,"href":"https:\/\/www.radiopresidenteibanez.cl\/web\/wp-json\/wp\/v2\/media\/52162"}],"wp:attachment":[{"href":"https:\/\/www.radiopresidenteibanez.cl\/web\/wp-json\/wp\/v2\/media?parent=52161"}],"wp:term":[{"taxonomy":"category","embeddable":true,"href":"https:\/\/www.radiopresidenteibanez.cl\/web\/wp-json\/wp\/v2\/categories?post=52161"},{"taxonomy":"post_tag","embeddable":true,"href":"https:\/\/www.radiopresidenteibanez.cl\/web\/wp-json\/wp\/v2\/tags?post=52161"}],"curies":[{"name":"wp","href":"https:\/\/api.w.org\/{rel}","templated":true}]}}