{"id":5216,"date":"2019-06-21T13:55:19","date_gmt":"2019-06-21T13:55:19","guid":{"rendered":"http:\/\/www.radiopresidenteibanez.cl\/web\/?p=5216"},"modified":"2019-06-21T13:55:44","modified_gmt":"2019-06-21T13:55:44","slug":"comunidad-natalina-participa-en-la-actualizacion-del-plan-regulador-comunal","status":"publish","type":"post","link":"https:\/\/www.radiopresidenteibanez.cl\/web\/comunidad-natalina-participa-en-la-actualizacion-del-plan-regulador-comunal\/","title":{"rendered":"COMUNIDAD NATALINA PARTICIPA EN LA ACTUALIZACI\u00d3N DEL PLAN REGULADOR COMUNAL"},"content":{"rendered":"\n<p>Despu\u00e9s de varios meses de\ntrabajo, la consultora a cargo de realizar la actualizaci\u00f3n del Plan Regulador\nde Natales present\u00f3 su propuesta de anteproyecto a las autoridades locales y\nlos vecinos presentes. Posteriormente los asistentes participaron en grupos\nmediante mesas de trabajo para aportar sugerencias. <\/p>\n\n\n\n<p>La primera etapa consisti\u00f3 en mostrar\na la comunidad la propuesta de l\u00edmites urbanos para Natales, la zonificaci\u00f3n\nseg\u00fan tipo de suelo y la estructuraci\u00f3n vial de la ciudad, adem\u00e1s los expertos\npresentaron un plan regulador de Villa Renoval, Seno Obstrucci\u00f3n y Villa\nDorotea. Dentro de las novedosas propuestas de la empresa a cargo, fue la\nincorporaci\u00f3n de Puerto Prat al plan regulador de Puerto Natales. <\/p>\n\n\n\n<p>Posterior a la presentaci\u00f3n del\nanteproyecto, la consultora gener\u00f3 un espacio participativo a trav\u00e9s de una\nl\u00e1mina de trabajo con propuestas de equipamientos, vialidad y zonas\nhabitacionales del \u00e1rea urbana de Puerto Natales, para que los asistentes\ntrabajaran en posibles ajustes que ellos consideraban necesarios. <\/p>\n\n\n\n<p>El Alcalde de la comuna, Fernando\nParedes Mansilla, destac\u00f3 que como municipalidad est\u00e1n abiertos a recibir todo\ntipo de observaciones para mejorar el plan regulador. \u201cEstamos pensando en\nnuestra ciudad en los pr\u00f3ximos 30 a\u00f1os, y en esto, la invitaci\u00f3n que hago es\nque participen porque aqu\u00ed nadie sobra, est\u00e1n todos considerados\u201d, sostuvo.<\/p>\n\n\n\n<p>La m\u00e1xima autoridad de Natales,\nse\u00f1al\u00f3 que espera tener la misma participaci\u00f3n en los siguientes talleres. \u201cNos\ninteresa que este plan regulador interprete a todos los natalinos, no a unos\npocos, sino a todos, siendo esta la esencia de un instrumento tan importante\ncomo el plano regulador que va a fijar la estructura de crecimiento de nuestra\nciudad para los pr\u00f3ximos 30 a\u00f1os\u201d. <\/p>\n\n\n\n<p>La nueva actualizaci\u00f3n del Plan\nRegulador Comunal va en la l\u00ednea del crecimiento ordenado e integral del\nespacio p\u00fablico en las \u00e1reas urbanas y rurales, determinando por ley en qu\u00e9 lugares\nest\u00e1 permitido construir ciertos recintos. Para quienes se interesen e informen\nsobre este proceso, se ha dispuesto un buz\u00f3n de opini\u00f3n en la Municipalidad de\nNatales (oficina de partes), con el objeto de entregar sus propuestas e\ninquietudes, la que estar\u00e1 disponible hasta el 5 de julio del presente a\u00f1o. <\/p>\n\n\n\n<p>Cabe destacar que el Plan Regulador Comunal \u00a0es un instrumento planificador del territorio de la ciudad, el cual es exigido por el estado a las municipalidades, buscando regular y orientar el desarrollo estructurado de la comuna, ubicando \u00e1reas para viviendas, entretenci\u00f3n, industrias y otros sectores.<\/p>\n\n\n\n<figure class=\"wp-block-image\"><img loading=\"lazy\" decoding=\"async\" width=\"800\" height=\"450\" src=\"https:\/\/www.radiopresidenteibanez.cl\/web\/wp-content\/uploads\/2019\/06\/039A7878.jpg\" alt=\"\" class=\"wp-image-5217\" srcset=\"https:\/\/www.radiopresidenteibanez.cl\/web\/wp-content\/uploads\/2019\/06\/039A7878.jpg 800w, https:\/\/www.radiopresidenteibanez.cl\/web\/wp-content\/uploads\/2019\/06\/039A7878-300x169.jpg 300w, https:\/\/www.radiopresidenteibanez.cl\/web\/wp-content\/uploads\/2019\/06\/039A7878-768x432.jpg 768w\" sizes=\"auto, (max-width: 800px) 100vw, 800px\" \/><\/figure>\n","protected":false},"excerpt":{"rendered":"<p>Despu\u00e9s de varios meses de trabajo, la consultora a cargo de realizar la actualizaci\u00f3n del Plan Regulador de Natales present\u00f3 su propuesta de anteproyecto a las autoridades locales y los&#8230; <a class=\"read-more\" href=\"https:\/\/www.radiopresidenteibanez.cl\/web\/comunidad-natalina-participa-en-la-actualizacion-del-plan-regulador-comunal\/\">Leer m\u00e1s<\/a><\/p>\n","protected":false},"author":2,"featured_media":5217,"comment_status":"closed","ping_status":"closed","sticky":false,"template":"","format":"standard","meta":{"footnotes":""},"categories":[1],"tags":[],"class_list":["post-5216","post","type-post","status-publish","format-standard","has-post-thumbnail","hentry","category-cronica"],"_links":{"self":[{"href":"https:\/\/www.radiopresidenteibanez.cl\/web\/wp-json\/wp\/v2\/posts\/5216","targetHints":{"allow":["GET"]}}],"collection":[{"href":"https:\/\/www.radiopresidenteibanez.cl\/web\/wp-json\/wp\/v2\/posts"}],"about":[{"href":"https:\/\/www.radiopresidenteibanez.cl\/web\/wp-json\/wp\/v2\/types\/post"}],"author":[{"embeddable":true,"href":"https:\/\/www.radiopresidenteibanez.cl\/web\/wp-json\/wp\/v2\/users\/2"}],"replies":[{"embeddable":true,"href":"https:\/\/www.radiopresidenteibanez.cl\/web\/wp-json\/wp\/v2\/comments?post=5216"}],"version-history":[{"count":0,"href":"https:\/\/www.radiopresidenteibanez.cl\/web\/wp-json\/wp\/v2\/posts\/5216\/revisions"}],"wp:featuredmedia":[{"embeddable":true,"href":"https:\/\/www.radiopresidenteibanez.cl\/web\/wp-json\/wp\/v2\/media\/5217"}],"wp:attachment":[{"href":"https:\/\/www.radiopresidenteibanez.cl\/web\/wp-json\/wp\/v2\/media?parent=5216"}],"wp:term":[{"taxonomy":"category","embeddable":true,"href":"https:\/\/www.radiopresidenteibanez.cl\/web\/wp-json\/wp\/v2\/categories?post=5216"},{"taxonomy":"post_tag","embeddable":true,"href":"https:\/\/www.radiopresidenteibanez.cl\/web\/wp-json\/wp\/v2\/tags?post=5216"}],"curies":[{"name":"wp","href":"https:\/\/api.w.org\/{rel}","templated":true}]}}