{"id":52158,"date":"2024-11-05T14:13:00","date_gmt":"2024-11-05T17:13:00","guid":{"rendered":"https:\/\/www.radiopresidenteibanez.cl\/web\/?p=52158"},"modified":"2024-11-05T11:55:15","modified_gmt":"2024-11-05T14:55:15","slug":"caminantes-natalinos-se-proponen-superar-los-14-millones-en-apoyo-a-la-rehabilitacion","status":"publish","type":"post","link":"https:\/\/www.radiopresidenteibanez.cl\/web\/caminantes-natalinos-se-proponen-superar-los-14-millones-en-apoyo-a-la-rehabilitacion\/","title":{"rendered":"CAMINANTES NATALINOS SE PROPONEN SUPERAR LOS 14 MILLONES EN APOYO A LA REHABILITACI\u00d3N"},"content":{"rendered":"\n<p>te a\u00f1o, la Agrupaci\u00f3n \u201cCaminantes Natalinos\u201d se ha propuesto superar los 14 millones de pesos en su tradicional cruzada solidaria. As\u00ed lo confirm\u00f3 uno de sus miembros, Edmundo Bilbao, quien este martes, junto a otros integrantes de la agrupaci\u00f3n, se reuni\u00f3 con el delegado presidencial provincial, Guillermo Ruiz Santana.<\/p>\n\n\n\n<p>Durante la reuni\u00f3n, los caminantes, quienes contar\u00e1n con un equipo de 9 personas entre participantes y personal de log\u00edstica, presentaron el itinerario de los 7 d\u00edas de caminata que emprender\u00e1n en apoyo a las Jornadas por la Rehabilitaci\u00f3n de Magallanes. La meta es recaudar la mayor cantidad de dinero posible durante esta semana de solidaridad.<\/p>\n\n\n\n<p>La traves\u00eda comenzar\u00e1 el s\u00e1bado 9 de noviembre desde el sector de Tres Puentes en Punta Arenas, y a lo largo del trayecto recorrer\u00e1n la ruta que une la capital regional con Puerto Natales, buscando apoyo econ\u00f3mico para esta causa.<\/p>\n\n\n\n<p>El delegado presidencial provincial, Guillermo Ruiz, destac\u00f3 la labor desinteresada que esta agrupaci\u00f3n lleva realizando desde hace 16 a\u00f1os consecutivos. \u00abAgradecemos la visita que ellos han hecho a la Delegaci\u00f3n y, por supuesto, hemos comprometido nuestro apoyo y respaldo a esta nueva aventura que comenzar\u00e1n el s\u00e1bado\u00bb, afirm\u00f3.<\/p>\n\n\n\n<p>Luego hizo un llamado a la comunidad que transitar\u00e1 por la Ruta 9 a lo largo de esos d\u00edas para que se detengan, extiendan su mano y colaboren con esta noble causa. \u00abEs un esfuerzo que beneficia directamente a las personas de Puerto Natales. Invito a que aporten, con una mano en el bolsillo y otra en el coraz\u00f3n\u00bb, enfatiz\u00f3 la autoridad.<\/p>\n\n\n\n<p>Por su parte, los caminantes agradecieron el respaldo de la autoridad provincial y detallaron su agenda, indicando que saldr\u00e1n el viernes 8 de noviembre a las 15:00 desde Puerto Natales. El s\u00e1bado iniciar\u00e1n oficialmente la caminata desde Tres Puentes a las 8:00, recorriendo 42 kil\u00f3metros en el primer d\u00eda, seguido de 40 kil\u00f3metros el domingo, y as\u00ed progresivamente hasta el \u00faltimo d\u00eda, el viernes 15, cuando recorrer\u00e1n los \u00faltimos 23 kil\u00f3metros hasta llegar a Puerto Natales alrededor de las 14:00, partiendo desde el sector de Casas Viejas.<\/p>\n","protected":false},"excerpt":{"rendered":"<p>te a\u00f1o, la Agrupaci\u00f3n \u201cCaminantes Natalinos\u201d se ha propuesto superar los 14 millones de pesos en su tradicional cruzada solidaria. As\u00ed lo confirm\u00f3 uno de sus miembros, Edmundo Bilbao, quien&#8230; <a class=\"read-more\" href=\"https:\/\/www.radiopresidenteibanez.cl\/web\/caminantes-natalinos-se-proponen-superar-los-14-millones-en-apoyo-a-la-rehabilitacion\/\">Leer m\u00e1s<\/a><\/p>\n","protected":false},"author":2,"featured_media":52159,"comment_status":"closed","ping_status":"closed","sticky":false,"template":"","format":"standard","meta":{"footnotes":""},"categories":[1],"tags":[],"class_list":["post-52158","post","type-post","status-publish","format-standard","has-post-thumbnail","hentry","category-cronica"],"_links":{"self":[{"href":"https:\/\/www.radiopresidenteibanez.cl\/web\/wp-json\/wp\/v2\/posts\/52158","targetHints":{"allow":["GET"]}}],"collection":[{"href":"https:\/\/www.radiopresidenteibanez.cl\/web\/wp-json\/wp\/v2\/posts"}],"about":[{"href":"https:\/\/www.radiopresidenteibanez.cl\/web\/wp-json\/wp\/v2\/types\/post"}],"author":[{"embeddable":true,"href":"https:\/\/www.radiopresidenteibanez.cl\/web\/wp-json\/wp\/v2\/users\/2"}],"replies":[{"embeddable":true,"href":"https:\/\/www.radiopresidenteibanez.cl\/web\/wp-json\/wp\/v2\/comments?post=52158"}],"version-history":[{"count":0,"href":"https:\/\/www.radiopresidenteibanez.cl\/web\/wp-json\/wp\/v2\/posts\/52158\/revisions"}],"wp:featuredmedia":[{"embeddable":true,"href":"https:\/\/www.radiopresidenteibanez.cl\/web\/wp-json\/wp\/v2\/media\/52159"}],"wp:attachment":[{"href":"https:\/\/www.radiopresidenteibanez.cl\/web\/wp-json\/wp\/v2\/media?parent=52158"}],"wp:term":[{"taxonomy":"category","embeddable":true,"href":"https:\/\/www.radiopresidenteibanez.cl\/web\/wp-json\/wp\/v2\/categories?post=52158"},{"taxonomy":"post_tag","embeddable":true,"href":"https:\/\/www.radiopresidenteibanez.cl\/web\/wp-json\/wp\/v2\/tags?post=52158"}],"curies":[{"name":"wp","href":"https:\/\/api.w.org\/{rel}","templated":true}]}}