{"id":52152,"date":"2024-11-05T11:47:00","date_gmt":"2024-11-05T14:47:00","guid":{"rendered":"https:\/\/www.radiopresidenteibanez.cl\/web\/?p=52152"},"modified":"2024-11-05T10:19:05","modified_gmt":"2024-11-05T13:19:05","slug":"concejales-de-primavera-y-slep-magallanes-analizan-mejoras-al-servicio-educativo","status":"publish","type":"post","link":"https:\/\/www.radiopresidenteibanez.cl\/web\/concejales-de-primavera-y-slep-magallanes-analizan-mejoras-al-servicio-educativo\/","title":{"rendered":"Concejales de Primavera y SLEP Magallanes analizan mejoras al servicio educativo"},"content":{"rendered":"\n<p>Con el objetivo de abordar algunas necesidades que la comunidad local percibe en<br>relaci\u00f3n a la educaci\u00f3n p\u00fablica en la comuna, una delegaci\u00f3n del Concejo Municipal de<br>Primavera se reuni\u00f3 con el director ejecutivo del SLEP Magallanes, Mario Garc\u00eda.<br>A la cita llegaron los concejales de la comuna fueguina Eduardo Bahamonde y Karina<br>Fern\u00e1ndez Mar\u00edn, quien asumir\u00e1 pr\u00f3ximamente como la nueva alcaldesa de Primavera<br>tras los resultados de las recientes elecciones.<br>Junto con aclarar que su visita fue en calidad de concejala, pues se hab\u00eda agendado<br>antes de las elecciones, Karina Fern\u00e1ndez indic\u00f3 que en el encuentro \u201cconversamos con<br>el director en relaci\u00f3n a distintos requerimientos que hay en la educaci\u00f3n en Primavera,<br>en la Escuela Cerro Sombrero y en el jard\u00edn infantil, abordamos diferentes necesidades,<br>se plantearon requerimientos y se aclararon algunas dudas\u201d.<br>Agreg\u00f3 que los temas que inquietan a la comunidad son la infraestructura escolar,<br>especialmente el sistema de calefacci\u00f3n, conocer los proyectos en carpeta para los<br>establecimientos y los avances en la asignaci\u00f3n de las viviendas que usan los profesores.<br>\u201cHay que agradecer al director ejecutivo por la buena acogida y la escucha activa que es<br>importante para ir avanzando en los distintos temas. Tenemos tareas pendientes, pero la<br>comunicaci\u00f3n, que es importante, nos va a permitir avanzar y concretar, para ir dando<br>soluci\u00f3n a las necesidades\u201d, plante\u00f3 la concejala Karina Fern\u00e1ndez.<br>El Servicio Local de Educaci\u00f3n P\u00fablica Magallanes es sostenedor en esa comuna de la<br>escuela de Cerro Sombrero, que tiene una matricula de 58 estudiantes, y del jard\u00edn infantil<br>Pastorcitos, que atiende a seis p\u00e1rvulos.<\/p>\n","protected":false},"excerpt":{"rendered":"<p>Con el objetivo de abordar algunas necesidades que la comunidad local percibe enrelaci\u00f3n a la educaci\u00f3n p\u00fablica en la comuna, una delegaci\u00f3n del Concejo Municipal dePrimavera se reuni\u00f3 con el&#8230; <a class=\"read-more\" href=\"https:\/\/www.radiopresidenteibanez.cl\/web\/concejales-de-primavera-y-slep-magallanes-analizan-mejoras-al-servicio-educativo\/\">Leer m\u00e1s<\/a><\/p>\n","protected":false},"author":2,"featured_media":52153,"comment_status":"closed","ping_status":"closed","sticky":false,"template":"","format":"standard","meta":{"footnotes":""},"categories":[1],"tags":[],"class_list":["post-52152","post","type-post","status-publish","format-standard","has-post-thumbnail","hentry","category-cronica"],"_links":{"self":[{"href":"https:\/\/www.radiopresidenteibanez.cl\/web\/wp-json\/wp\/v2\/posts\/52152","targetHints":{"allow":["GET"]}}],"collection":[{"href":"https:\/\/www.radiopresidenteibanez.cl\/web\/wp-json\/wp\/v2\/posts"}],"about":[{"href":"https:\/\/www.radiopresidenteibanez.cl\/web\/wp-json\/wp\/v2\/types\/post"}],"author":[{"embeddable":true,"href":"https:\/\/www.radiopresidenteibanez.cl\/web\/wp-json\/wp\/v2\/users\/2"}],"replies":[{"embeddable":true,"href":"https:\/\/www.radiopresidenteibanez.cl\/web\/wp-json\/wp\/v2\/comments?post=52152"}],"version-history":[{"count":0,"href":"https:\/\/www.radiopresidenteibanez.cl\/web\/wp-json\/wp\/v2\/posts\/52152\/revisions"}],"wp:featuredmedia":[{"embeddable":true,"href":"https:\/\/www.radiopresidenteibanez.cl\/web\/wp-json\/wp\/v2\/media\/52153"}],"wp:attachment":[{"href":"https:\/\/www.radiopresidenteibanez.cl\/web\/wp-json\/wp\/v2\/media?parent=52152"}],"wp:term":[{"taxonomy":"category","embeddable":true,"href":"https:\/\/www.radiopresidenteibanez.cl\/web\/wp-json\/wp\/v2\/categories?post=52152"},{"taxonomy":"post_tag","embeddable":true,"href":"https:\/\/www.radiopresidenteibanez.cl\/web\/wp-json\/wp\/v2\/tags?post=52152"}],"curies":[{"name":"wp","href":"https:\/\/api.w.org\/{rel}","templated":true}]}}