{"id":52149,"date":"2024-11-05T10:33:00","date_gmt":"2024-11-05T13:33:00","guid":{"rendered":"https:\/\/www.radiopresidenteibanez.cl\/web\/?p=52149"},"modified":"2024-11-05T09:36:46","modified_gmt":"2024-11-05T12:36:46","slug":"seremi-de-energia-de-magallanes-llama-a-solicitar-el-subsidio-electrico-a-pocas-horas-de-que-cierre-la-segunda-convocatoria","status":"publish","type":"post","link":"https:\/\/www.radiopresidenteibanez.cl\/web\/seremi-de-energia-de-magallanes-llama-a-solicitar-el-subsidio-electrico-a-pocas-horas-de-que-cierre-la-segunda-convocatoria\/","title":{"rendered":"Seremi de Energ\u00eda de Magallanes llama a solicitar el subsidio el\u00e9ctrico a pocas horas de que cierre la segunda convocatoria"},"content":{"rendered":"\n<p>A pocas horas (mi\u00e9rcoles 06 de noviembre) de que concluya el segundo proceso para obtener el subsidio el\u00e9ctrico, el seremi de Energ\u00eda de Magallanes, Sergio Cuiti\u00f1o, llam\u00f3 a todos los usuarios que se encuentren dentro del 40% del Registro Social de Hogares -y que a\u00fan no lo han hecho- a solicitar el beneficio de forma virtual, con la respectiva Clave \u00danica, en el sitio web&nbsp;<a href=\"http:\/\/www.subsidioelectrico.cl\/\" target=\"_blank\" rel=\"noreferrer noopener\">www.subsidioelectrico.cl<\/a>&nbsp;o, presencial, en cualquiera de las sucursales de ChileAtiende. Para ello s\u00f3lo se debe estar al d\u00eda en la cuenta de luz o tener vigente un convenio de pago con la empresa distribuidora del servicio.<\/p>\n\n\n\n<p>\u201cEl tr\u00e1mite, tambi\u00e9n puede realizarse mediante atenci\u00f3n telem\u00e1tica de un ejecutivo en el sitio web&nbsp;<a href=\"http:\/\/www.chileatiende.cl\/\" target=\"_blank\" rel=\"noreferrer noopener\">www.chileatiende.cl<\/a>, o llamando al Call Center 101\u201d, inform\u00f3 durante esta ma\u00f1ana el seremi Serio Cuiti\u00f1o. &nbsp;<\/p>\n\n\n\n<p>Al respecto, la autoridad regional de Energ\u00eda agreg\u00f3 que \u201cquienes en la primera convocatoria ya obtuvieron el beneficio, no tiene que volver a postular, si no s\u00f3lo revalidar o informar alg\u00fan dato importante, como, por ejemplo, si han cambiado de domicilio\u201d, precis\u00f3.<\/p>\n\n\n\n<p><strong>AMPLIACI\u00d3N DEL SUBSIDIO<\/strong><\/p>\n\n\n\n<p>El titular regional del ramo aprovech\u00f3 la ocasi\u00f3n para resaltar la reciente aprobaci\u00f3n en la Comisi\u00f3n de Miner\u00eda y Energ\u00eda de la C\u00e1mara, en general y de manera transversal, el proyecto de ley para ampliar la cobertura del subsidio el\u00e9ctrico \u201ca todos los hogares pertenecientes al 40% del Registro Social de Hogares y entregar un subsidio adicional a pacientes electrodependientes y hogares que pertenezcan a sistemas medianos en Los Lagos, Ays\u00e9n y Magallanes\u201d, sostuvo Cuiti\u00f1o.<\/p>\n\n\n\n<p>Asimismo, el seremi de Energ\u00eda de Magallanes explic\u00f3 que la iniciativa que impulsa el Gobierno del presidente Gabriel Boric, \u201ctambi\u00e9n busca reducir tarifas a Mipymes y Servicios Sanitarios Rurales (SSR) y duplicar las multas y compensaciones que deben pagar las empresas el\u00e9ctricas en caso de cortes de suministro\u201d.<\/p>\n\n\n\n<p>Por \u00faltimo -detall\u00f3-, busca perfeccionar las facultades de la Superintendencia de Electricidad y Combustibles (SEC), aumentado multas que se aplican por infracciones consideradas \u201cgrav\u00edsimas\u201d, \u201cgraves\u201d y \u201cleves\u201d a las empresas de distribuci\u00f3n y elevar las compensaciones para clientes por interrupci\u00f3n de suministro no autorizadas.<\/p>\n\n\n\n<p>Tras este paso, el proyecto de ley pasa al siguiente tr\u00e1mite legislativo, que es&nbsp;la discusi\u00f3n en particular, art\u00edculo por art\u00edculo; oportunidad donde el ministro Diego Pardow manifest\u00f3 la disposici\u00f3n del Ejecutivo&nbsp;a trabajar en conjunto con diputados de gobierno y de oposici\u00f3n para aprobar lo antes posible este proyecto de ley y llegar con este alivio tan importante a las familias chilenas\u201d, dijo.&nbsp;&nbsp;<\/p>\n\n\n\n<p>Finalmente, la autoridad de Energ\u00eda de Magallanes record\u00f3 que \u201ces muy importante que los solicitantes del subsidio el\u00e9ctrico tengan siempre a mano su C\u00e9dula de Identidad, el n\u00famero de cliente -que por lo general est\u00e1 ubicado en el costado superior derecho de la boleta de electricidad- y, contar con un correo electr\u00f3nico y\/o n\u00famero telef\u00f3nico de contacto\u201d, subray\u00f3<\/p>\n","protected":false},"excerpt":{"rendered":"<p>A pocas horas (mi\u00e9rcoles 06 de noviembre) de que concluya el segundo proceso para obtener el subsidio el\u00e9ctrico, el seremi de Energ\u00eda de Magallanes, Sergio Cuiti\u00f1o, llam\u00f3 a todos los&#8230; <a class=\"read-more\" href=\"https:\/\/www.radiopresidenteibanez.cl\/web\/seremi-de-energia-de-magallanes-llama-a-solicitar-el-subsidio-electrico-a-pocas-horas-de-que-cierre-la-segunda-convocatoria\/\">Leer m\u00e1s<\/a><\/p>\n","protected":false},"author":2,"featured_media":52150,"comment_status":"closed","ping_status":"closed","sticky":false,"template":"","format":"standard","meta":{"footnotes":""},"categories":[1],"tags":[],"class_list":["post-52149","post","type-post","status-publish","format-standard","has-post-thumbnail","hentry","category-cronica"],"_links":{"self":[{"href":"https:\/\/www.radiopresidenteibanez.cl\/web\/wp-json\/wp\/v2\/posts\/52149","targetHints":{"allow":["GET"]}}],"collection":[{"href":"https:\/\/www.radiopresidenteibanez.cl\/web\/wp-json\/wp\/v2\/posts"}],"about":[{"href":"https:\/\/www.radiopresidenteibanez.cl\/web\/wp-json\/wp\/v2\/types\/post"}],"author":[{"embeddable":true,"href":"https:\/\/www.radiopresidenteibanez.cl\/web\/wp-json\/wp\/v2\/users\/2"}],"replies":[{"embeddable":true,"href":"https:\/\/www.radiopresidenteibanez.cl\/web\/wp-json\/wp\/v2\/comments?post=52149"}],"version-history":[{"count":0,"href":"https:\/\/www.radiopresidenteibanez.cl\/web\/wp-json\/wp\/v2\/posts\/52149\/revisions"}],"wp:featuredmedia":[{"embeddable":true,"href":"https:\/\/www.radiopresidenteibanez.cl\/web\/wp-json\/wp\/v2\/media\/52150"}],"wp:attachment":[{"href":"https:\/\/www.radiopresidenteibanez.cl\/web\/wp-json\/wp\/v2\/media?parent=52149"}],"wp:term":[{"taxonomy":"category","embeddable":true,"href":"https:\/\/www.radiopresidenteibanez.cl\/web\/wp-json\/wp\/v2\/categories?post=52149"},{"taxonomy":"post_tag","embeddable":true,"href":"https:\/\/www.radiopresidenteibanez.cl\/web\/wp-json\/wp\/v2\/tags?post=52149"}],"curies":[{"name":"wp","href":"https:\/\/api.w.org\/{rel}","templated":true}]}}