{"id":52146,"date":"2024-11-05T09:17:00","date_gmt":"2024-11-05T12:17:00","guid":{"rendered":"https:\/\/www.radiopresidenteibanez.cl\/web\/?p=52146"},"modified":"2024-11-05T08:44:17","modified_gmt":"2024-11-05T11:44:17","slug":"hoy-se-inaugura-exposicion-patrimonial-de-la-radiodifusion-magallanica-en-el-dreams","status":"publish","type":"post","link":"https:\/\/www.radiopresidenteibanez.cl\/web\/hoy-se-inaugura-exposicion-patrimonial-de-la-radiodifusion-magallanica-en-el-dreams\/","title":{"rendered":"Hoy se inaugura exposici\u00f3n patrimonial de la radiodifusi\u00f3n magall\u00e1nica en el Dreams"},"content":{"rendered":"\n<p>\u201cEl primer micr\u00f3fono de Radio Polar\u201d, un gram\u00f3fono de 1920, receptores de 1930, tornamesas y<br>consolas de estudio, son solo algunos de los art\u00edculos que estar\u00e1n presentes en la exposici\u00f3n<br>\u201cRescate del Patrimonio de la Radiodifusi\u00f3n en la regi\u00f3n de Magallanes\u201d, la cual comenzar\u00e1 este<br>martes 5 de noviembre en el Hotel Casino Dreams.<br>La Sala Tierra del Fuego acoger\u00e1 esta iniciativa que se extender\u00e1 hasta el viernes 8 de noviembre,<br>evento que se enmarca en la celebraci\u00f3n de la Asamblea Nacional anual de la Asociaci\u00f3n de<br>Radiodifusores de Chile (ARCHI), que se extender\u00e1 durante esta semana con distintas actividades<br>junto a sus socios en nuestra regi\u00f3n.<br>\u201cSomos much\u00edsimos los socios de diversas partes del pa\u00eds que venimos a conocer esta hermosa<br>regi\u00f3n, y por supuesto que llevarnos un trozo de historia del espacio que visitamos, le da un<br>sentido territorial y caracter\u00edstico que enriquece la experiencia. Invitamos a todos los magall\u00e1nicos<br>a ser parte de esta bonita instancia y conocer una parte de la historia de su regi\u00f3n\u201d, coment\u00f3<br>Cristian Galvez, presidente de la ARCHI.<br>La muestra de estos objetos es organizada por los radiodifusores regionales Iv\u00e1n Lara y Francisco<br>P\u00e9rez San Juan, quienes por afici\u00f3n propia han ido rescatando numerosos art\u00edculos que hoy en d\u00eda<br>son una pieza de colecci\u00f3n, pero que en su momento fueron \u00fatiles herramientas para llevar a cabo<br>la actividad radial en Magallanes.<br>\u201cEstos objetos son parte de una colecci\u00f3n que compartimos y que mantenemos en nuestras casas,<br>pero nos gustar\u00eda en alg\u00fan momento poder tener un espacio en el cual podamos mantenerlos en<br>exhibici\u00f3n de manera fija, y as\u00ed se difunda el conocimiento del c\u00f3mo se hac\u00eda radio d\u00e9cadas atr\u00e1s a<br>las generaciones actuales y a las que vienen\u201d, coment\u00f3 Iv\u00e1n Lara, radiodifusor y propulsor de la<br>muestra.<br>Esta iniciativa, financiada a trav\u00e9s del FNDR 8% del Gobierno Regional de Magallanes, adem\u00e1s<br>contar\u00e1 con la exhibici\u00f3n de una muestra fotogr\u00e1fica de antiguos colegas radiodifusores de<br>nuestra regi\u00f3n que se encuentran fallecidos. El horario disponible para visitar la exhibici\u00f3n es<br>entre las 08:00 y las 20:00 horas.<\/p>\n","protected":false},"excerpt":{"rendered":"<p>\u201cEl primer micr\u00f3fono de Radio Polar\u201d, un gram\u00f3fono de 1920, receptores de 1930, tornamesas yconsolas de estudio, son solo algunos de los art\u00edculos que estar\u00e1n presentes en la exposici\u00f3n\u201cRescate del&#8230; <a class=\"read-more\" href=\"https:\/\/www.radiopresidenteibanez.cl\/web\/hoy-se-inaugura-exposicion-patrimonial-de-la-radiodifusion-magallanica-en-el-dreams\/\">Leer m\u00e1s<\/a><\/p>\n","protected":false},"author":2,"featured_media":52147,"comment_status":"closed","ping_status":"closed","sticky":false,"template":"","format":"standard","meta":{"footnotes":""},"categories":[1],"tags":[],"class_list":["post-52146","post","type-post","status-publish","format-standard","has-post-thumbnail","hentry","category-cronica"],"_links":{"self":[{"href":"https:\/\/www.radiopresidenteibanez.cl\/web\/wp-json\/wp\/v2\/posts\/52146","targetHints":{"allow":["GET"]}}],"collection":[{"href":"https:\/\/www.radiopresidenteibanez.cl\/web\/wp-json\/wp\/v2\/posts"}],"about":[{"href":"https:\/\/www.radiopresidenteibanez.cl\/web\/wp-json\/wp\/v2\/types\/post"}],"author":[{"embeddable":true,"href":"https:\/\/www.radiopresidenteibanez.cl\/web\/wp-json\/wp\/v2\/users\/2"}],"replies":[{"embeddable":true,"href":"https:\/\/www.radiopresidenteibanez.cl\/web\/wp-json\/wp\/v2\/comments?post=52146"}],"version-history":[{"count":0,"href":"https:\/\/www.radiopresidenteibanez.cl\/web\/wp-json\/wp\/v2\/posts\/52146\/revisions"}],"wp:featuredmedia":[{"embeddable":true,"href":"https:\/\/www.radiopresidenteibanez.cl\/web\/wp-json\/wp\/v2\/media\/52147"}],"wp:attachment":[{"href":"https:\/\/www.radiopresidenteibanez.cl\/web\/wp-json\/wp\/v2\/media?parent=52146"}],"wp:term":[{"taxonomy":"category","embeddable":true,"href":"https:\/\/www.radiopresidenteibanez.cl\/web\/wp-json\/wp\/v2\/categories?post=52146"},{"taxonomy":"post_tag","embeddable":true,"href":"https:\/\/www.radiopresidenteibanez.cl\/web\/wp-json\/wp\/v2\/tags?post=52146"}],"curies":[{"name":"wp","href":"https:\/\/api.w.org\/{rel}","templated":true}]}}