{"id":52143,"date":"2024-11-05T08:29:18","date_gmt":"2024-11-05T11:29:18","guid":{"rendered":"https:\/\/www.radiopresidenteibanez.cl\/web\/?p=52143"},"modified":"2024-11-05T08:29:23","modified_gmt":"2024-11-05T11:29:23","slug":"secretaria-del-medio-ambiente-se-suma-a-la-fiesta-de-todos-promoviendo-el-reciclaje-de-latas-de-aluminio-y-conservas","status":"publish","type":"post","link":"https:\/\/www.radiopresidenteibanez.cl\/web\/secretaria-del-medio-ambiente-se-suma-a-la-fiesta-de-todos-promoviendo-el-reciclaje-de-latas-de-aluminio-y-conservas\/","title":{"rendered":"Secretar\u00eda del Medio Ambiente se suma a la \u00abFiesta de Todos\u00bb promoviendo el reciclaje de latas de aluminio y conservas"},"content":{"rendered":"\n<p>En dependencias del Centro de Rehabilitaci\u00f3n se realiz\u00f3 la firma del convenio entre la Secretar\u00eda del Medio Ambiente, la Ilustre Municipalidad de Punta Arenas, la empresa Yo Reciclo Magallanes, Zona Austral y el Club de Leones Cruz del Sur, a trav\u00e9s del cual se busca promover&nbsp;el reciclaje de latas de aluminio y conservas, en pos de la recaudaci\u00f3n de fondos para la&nbsp;Edici\u00f3n N\u00b037 de las Jornadas por la Rehabilitaci\u00f3n en Magallanes.<\/p>\n\n\n\n<p>Este a\u00f1o, se busca incentivar el reciclaje y la educaci\u00f3n sobre residuos valorizables, promoviendo la idea de que estos materiales pueden reconvertirse en nuevos productos, por lo que el llamado realizado a la comunidad magall\u00e1nica es a que participe disponiendo en los Puntos Verdes especialmente habilitados para esta ocasi\u00f3n.<\/p>\n\n\n\n<p>La recolecci\u00f3n incluye envases de aluminio y latas de conservas de todas las marcas y formatos, sin distinci\u00f3n, puntualiz\u00f3 el seremi del Medio Ambiente, Enrique Rebolledo Toro, a\u00f1adiendo que \u201ctodo lo recolectado ser\u00e1 pesado el d\u00eda 16 de noviembre en un lugar por definir y luego, ser\u00e1 vendido a un gestor autorizado para el manejo de este tipo de residuos. El total recaudado por esta venta se entregar\u00e1 \u00edntegramente a la organizaci\u00f3n de las Jornadas\u201d, detall\u00f3.<\/p>\n\n\n\n<p>Asimismo, la autoridad de la cartera ambiental hizo un llamado estos elementos se encuentren limpios, para as\u00ed, facilitar el trabajo de los voluntarios y voluntarias que apoyar\u00e1n esta tarea, agregando que \u201cestas pr\u00e1cticas no solo contribuyen a la reducci\u00f3n de la cantidad de desechos que terminan en vertederos, sino que tambi\u00e9n promueve una cultura de responsabilidad ambiental en las comunidades\u201d, a\u00f1adi\u00f3 Rebolledo.<\/p>\n\n\n\n<p>Los Puntos Verdes se instalar\u00e1n en dependencias de Zona Austral, en el frontis de la Municipalidad de Punta Arenas y en el Centro de Rehabilitaci\u00f3n Cruz del Sur y estar\u00e1n habilitados entre el martes 5 y s\u00e1bado 16 de noviembre.<\/p>\n","protected":false},"excerpt":{"rendered":"<p>En dependencias del Centro de Rehabilitaci\u00f3n se realiz\u00f3 la firma del convenio entre la Secretar\u00eda del Medio Ambiente, la Ilustre Municipalidad de Punta Arenas, la empresa Yo Reciclo Magallanes, Zona&#8230; <a class=\"read-more\" href=\"https:\/\/www.radiopresidenteibanez.cl\/web\/secretaria-del-medio-ambiente-se-suma-a-la-fiesta-de-todos-promoviendo-el-reciclaje-de-latas-de-aluminio-y-conservas\/\">Leer m\u00e1s<\/a><\/p>\n","protected":false},"author":2,"featured_media":52144,"comment_status":"closed","ping_status":"closed","sticky":false,"template":"","format":"standard","meta":{"footnotes":""},"categories":[1],"tags":[],"class_list":["post-52143","post","type-post","status-publish","format-standard","has-post-thumbnail","hentry","category-cronica"],"_links":{"self":[{"href":"https:\/\/www.radiopresidenteibanez.cl\/web\/wp-json\/wp\/v2\/posts\/52143","targetHints":{"allow":["GET"]}}],"collection":[{"href":"https:\/\/www.radiopresidenteibanez.cl\/web\/wp-json\/wp\/v2\/posts"}],"about":[{"href":"https:\/\/www.radiopresidenteibanez.cl\/web\/wp-json\/wp\/v2\/types\/post"}],"author":[{"embeddable":true,"href":"https:\/\/www.radiopresidenteibanez.cl\/web\/wp-json\/wp\/v2\/users\/2"}],"replies":[{"embeddable":true,"href":"https:\/\/www.radiopresidenteibanez.cl\/web\/wp-json\/wp\/v2\/comments?post=52143"}],"version-history":[{"count":0,"href":"https:\/\/www.radiopresidenteibanez.cl\/web\/wp-json\/wp\/v2\/posts\/52143\/revisions"}],"wp:featuredmedia":[{"embeddable":true,"href":"https:\/\/www.radiopresidenteibanez.cl\/web\/wp-json\/wp\/v2\/media\/52144"}],"wp:attachment":[{"href":"https:\/\/www.radiopresidenteibanez.cl\/web\/wp-json\/wp\/v2\/media?parent=52143"}],"wp:term":[{"taxonomy":"category","embeddable":true,"href":"https:\/\/www.radiopresidenteibanez.cl\/web\/wp-json\/wp\/v2\/categories?post=52143"},{"taxonomy":"post_tag","embeddable":true,"href":"https:\/\/www.radiopresidenteibanez.cl\/web\/wp-json\/wp\/v2\/tags?post=52143"}],"curies":[{"name":"wp","href":"https:\/\/api.w.org\/{rel}","templated":true}]}}