{"id":52122,"date":"2024-11-04T11:23:33","date_gmt":"2024-11-04T14:23:33","guid":{"rendered":"https:\/\/www.radiopresidenteibanez.cl\/web\/?p=52122"},"modified":"2024-11-04T11:23:38","modified_gmt":"2024-11-04T14:23:38","slug":"hospital-clinico-magallanes-alberga-las-xii-jornadasneurologicas-de-la-patagonia-24-anos-de-historia-como-foro-de-conocimiento","status":"publish","type":"post","link":"https:\/\/www.radiopresidenteibanez.cl\/web\/hospital-clinico-magallanes-alberga-las-xii-jornadasneurologicas-de-la-patagonia-24-anos-de-historia-como-foro-de-conocimiento\/","title":{"rendered":"Hospital Cl\u00ednico Magallanes alberga las XII JornadasNeurol\u00f3gicas de la Patagonia: 24 a\u00f1os de historia como foro de conocimiento"},"content":{"rendered":"\n<p>El Hospital Cl\u00ednico Magallanes se convertir\u00e1 en el escenario de la XII edici\u00f3n de<br>las Jornadas Neurol\u00f3gicas de la Patagonia, un encuentro de gran relevancia para<br>el intercambio y actualizaci\u00f3n de conocimientos en el campo de la neurolog\u00eda.<br>Este evento, que se desarrollar\u00e1 los d\u00edas 8 y 9 de noviembre de 2024, se ha<br>posicionado como una instancia clave para que los profesionales de la salud<br>puedan acceder a informaci\u00f3n de vanguardia y mejorar sus pr\u00e1cticas cl\u00ednicas. Este<br>a\u00f1o, las jornadas celebran 24 a\u00f1os desde su primera edici\u00f3n, reafirmando su<br>trayectoria como un referente en la formaci\u00f3n y actualizaci\u00f3n neurol\u00f3gica en la<br>regi\u00f3n.<br>Las jornadas est\u00e1n dise\u00f1adas para abordar una amplia gama de temas que<br>impactan directamente en la atenci\u00f3n neurol\u00f3gica. Entre los puntos m\u00e1s<br>destacados se encuentran el diagn\u00f3stico y tratamiento de la esclerosis m\u00faltiple y<br>otras enfermedades desmielinizantes, patolog\u00edas cerebrovasculares, como el<br>manejo de los accidentes cerebrovasculares, y el estudio de las cefaleas,<br>incluyendo su tratamiento y estrategias de manejo en urgencias.<br>Adem\u00e1s, se presentar\u00e1n enfoques sobre enfermedades del sistema nervioso<br>perif\u00e9rico, que comprenden condiciones como la polineuropat\u00eda y la miastenia<br>gravis, profundizando en la identificaci\u00f3n y tratamiento de estos trastornos. La<br>rehabilitaci\u00f3n neurol\u00f3gica tambi\u00e9n ocupar\u00e1 un espacio importante en las jornadas,<br>con un enfoque integral en la recuperaci\u00f3n de pacientes con condiciones cr\u00f3nicas<br>y agudas. La relevancia del sue\u00f1o y las epilepsias, as\u00ed como las medidas de<br>manejo en urgencias, ser\u00e1n otros de los aspectos clave.<br>El evento se orienta a m\u00e9dicos generales, internistas, kinesi\u00f3logos, terapeutas,<br>enfermeros, qu\u00edmicos farmac\u00e9uticos y otros profesionales del \u00e1rea de la salud. La<br>diversidad de t\u00f3picos permitir\u00e1 una visi\u00f3n multidisciplinaria y pr\u00e1ctica, enfocada en<br>la colaboraci\u00f3n y el intercambio de experiencias entre los participantes. El<br>contenido abordar\u00e1 tanto aspectos de diagn\u00f3stico como de intervenci\u00f3n y<br>tratamiento, cubriendo los retos m\u00e1s comunes y complejos en la pr\u00e1ctica<br>neurol\u00f3gica diaria.<br>El Dr. Ramiro Fern\u00e1ndez Calder\u00f3n, jefe del Servicio de Neurolog\u00eda del Hospital<br>Cl\u00ednico Magallanes y organizador de estas jornadas, invita a la comunidad de<br>salud a ser parte de esta experiencia:<br>\u201cNuestra idea es invitarlos a participar de las XII Jornadas de Neurolog\u00eda de la<br>Patagonia, el 8 y 9 de noviembre en el Hospital Cl\u00ednico Magallanes. Est\u00e1 dirigida a<br>m\u00e9dicos generales, internistas y profesionales de la salud del \u00e1mbito de la<\/p>\n\n\n\n<p>rehabilitaci\u00f3n, como kinesi\u00f3logos, terapeutas, enfermeros, qu\u00edmicos farmac\u00e9uticos<br>y otros. Abordaremos temas clave como esclerosis m\u00faltiple, patolog\u00edas<br>cerebrovasculares, cefaleas y enfermedades del sistema nervioso perif\u00e9rico, entre<br>otros. Los esperamos para participar y enriquecer el trabajo en equipo\u201d.<br>El Hospital Cl\u00ednico Magallanes reafirma su compromiso con la formaci\u00f3n continua<br>y la excelencia en la atenci\u00f3n de salud al acoger este tipo de eventos,<br>contribuyendo as\u00ed al fortalecimiento del conocimiento y la mejora de las estrategias<br>cl\u00ednicas en la regi\u00f3n y m\u00e1s all\u00e1. Estas jornadas, que celebran 24 a\u00f1os desde su<br>inicio, buscan fomentar la colaboraci\u00f3n entre profesionales y mejorar las<br>competencias en el manejo de patolog\u00edas neurol\u00f3gicas, lo que se traduce en una<br>atenci\u00f3n m\u00e1s efectiva y centrada en el paciente.<br>La actualizaci\u00f3n constante y el aprendizaje compartido son elementos<br>fundamentales para enfrentar los desaf\u00edos de la neurolog\u00eda moderna, y eventos<br>como este brindan una plataforma id\u00f3nea para ello. Las inscripciones para<br>participar se realizan a trav\u00e9s del correo sociedadmedica@gmail.com, y es<br>importante tener en cuenta que los cupos son limitados, por lo que se recomienda<br>a los interesados gestionar su inscripci\u00f3n con anticipaci\u00f3n.<\/p>\n","protected":false},"excerpt":{"rendered":"<p>El Hospital Cl\u00ednico Magallanes se convertir\u00e1 en el escenario de la XII edici\u00f3n delas Jornadas Neurol\u00f3gicas de la Patagonia, un encuentro de gran relevancia parael intercambio y actualizaci\u00f3n de conocimientos&#8230; <a class=\"read-more\" href=\"https:\/\/www.radiopresidenteibanez.cl\/web\/hospital-clinico-magallanes-alberga-las-xii-jornadasneurologicas-de-la-patagonia-24-anos-de-historia-como-foro-de-conocimiento\/\">Leer m\u00e1s<\/a><\/p>\n","protected":false},"author":2,"featured_media":52123,"comment_status":"closed","ping_status":"closed","sticky":false,"template":"","format":"standard","meta":{"footnotes":""},"categories":[1],"tags":[],"class_list":["post-52122","post","type-post","status-publish","format-standard","has-post-thumbnail","hentry","category-cronica"],"_links":{"self":[{"href":"https:\/\/www.radiopresidenteibanez.cl\/web\/wp-json\/wp\/v2\/posts\/52122","targetHints":{"allow":["GET"]}}],"collection":[{"href":"https:\/\/www.radiopresidenteibanez.cl\/web\/wp-json\/wp\/v2\/posts"}],"about":[{"href":"https:\/\/www.radiopresidenteibanez.cl\/web\/wp-json\/wp\/v2\/types\/post"}],"author":[{"embeddable":true,"href":"https:\/\/www.radiopresidenteibanez.cl\/web\/wp-json\/wp\/v2\/users\/2"}],"replies":[{"embeddable":true,"href":"https:\/\/www.radiopresidenteibanez.cl\/web\/wp-json\/wp\/v2\/comments?post=52122"}],"version-history":[{"count":0,"href":"https:\/\/www.radiopresidenteibanez.cl\/web\/wp-json\/wp\/v2\/posts\/52122\/revisions"}],"wp:featuredmedia":[{"embeddable":true,"href":"https:\/\/www.radiopresidenteibanez.cl\/web\/wp-json\/wp\/v2\/media\/52123"}],"wp:attachment":[{"href":"https:\/\/www.radiopresidenteibanez.cl\/web\/wp-json\/wp\/v2\/media?parent=52122"}],"wp:term":[{"taxonomy":"category","embeddable":true,"href":"https:\/\/www.radiopresidenteibanez.cl\/web\/wp-json\/wp\/v2\/categories?post=52122"},{"taxonomy":"post_tag","embeddable":true,"href":"https:\/\/www.radiopresidenteibanez.cl\/web\/wp-json\/wp\/v2\/tags?post=52122"}],"curies":[{"name":"wp","href":"https:\/\/api.w.org\/{rel}","templated":true}]}}