{"id":52113,"date":"2024-11-04T08:20:44","date_gmt":"2024-11-04T11:20:44","guid":{"rendered":"https:\/\/www.radiopresidenteibanez.cl\/web\/?p=52113"},"modified":"2024-11-04T08:20:49","modified_gmt":"2024-11-04T11:20:49","slug":"epilogo-politico","status":"publish","type":"post","link":"https:\/\/www.radiopresidenteibanez.cl\/web\/epilogo-politico\/","title":{"rendered":"EP\u00cdLOGO POL\u00cdTICO"},"content":{"rendered":"\n<p>La semana transcurri\u00f3 entre an\u00e1lisis de los resultados de las hist\u00f3ricas elecciones del fin de semana pasado. El n\u00famero nunca antes visto de personas votando, pone a esta doble jornada electoral, entre los eventos m\u00e1s notables de nuestra historia democr\u00e1tica. Aunque los resultados fueron celebrados por todos los sectores por igual, se aprecia que el pa\u00eds sigue dividido en dos partes m\u00e1s o menos iguales. El sector progresista conserva alguna de las ciudades importantes, y pierde otras, el sector conservador, otro tanto.<br>En la votaci\u00f3n de gobernadores regionales, s\u00f3lo en cuatro regiones esta votaci\u00f3n se decidi\u00f3 en<br>primera vuelta. Fue en la regi\u00f3n de Tarapac\u00e1 donde fue electo Jos\u00e9 Miguel Carvajal, independiente del pacto Por Chile y sus regiones; en la regi\u00f3n del \u00d1uble, el socialista, Oscar Cris\u00f3stomo, del pacto Por Chile y sus regiones; en la regi\u00f3n de Los R\u00edos, el socialista Luis Cuvertino, del pacto por Chile y sus regiones; de la regi\u00f3n de Ays\u00e9n, el UDI Marcelo Santana, del pacto Chile Vamos; y de la regi\u00f3n de Magallanes y de la ant\u00e1rtica chilena, el independiente en lista del partido Radical, Jorge Fl\u00edes A\u00f1\u00f3n. Dem\u00e1s est\u00e1 decir que el progresismo, constituy\u00f3 distintas listas, y s\u00f3lo en unas pocas regiones, llevaron candidato \u00fanico. En doce regiones del pa\u00eds, por no haber alcanzado ning\u00fan candidato el 40% de los votos, deber\u00e1n ir a una segunda vuelta los dos candidatos m\u00e1s votados. Esta votaci\u00f3n se efectuar\u00e1 el domingo 24 de noviembre, en las regiones de: Arica Parinacota, Antofagasta, Atacama, Coquimbo, Valpara\u00edso, Metropolitana, O&#8217;Higgins, Maule, Biob\u00edo, La<br>Araucan\u00eda, y de Los Lagos.<br>Las elecciones de las autoridades locales, son las m\u00e1s importantes, desde el punto de vista de los<br>ciudadanos de a pie. Es en la vida cotidiana de las vecinas y vecinos, donde produce impacto la gesti\u00f3n de gobiernos regionales y municipios. Pese al desconocimiento existente de la importante funci\u00f3n de los gobiernos regionales, los partidos pol\u00edticos, y figuras independientes de relevancia p\u00fablica, se volcaron con entusiasmo a la competencia electoral. Nota aparte, la mezquindad parlamentaria, que, al momento de regular esta importante votaci\u00f3n, no estableci\u00f3 franja electoral, transparente y gratuita. Una vez m\u00e1s los incumbentes hacen de las suyas, \u00bfser\u00e1 temor a eventuales contrincantes futuros?, sea por esa u otra raz\u00f3n, parece incomprensible que se haya privado a la ciudadan\u00eda de la posibilidad de conocer en vivo y en directo a sus futuras autoridades locales. Los resultados en elecci\u00f3n de alcaldes y alcaldesas, se repartieron pr\u00e1cticamente<br>en tres tercios, entre conservadores, progresistas y un bloque de nada menos que 108 independientes. Con la confianza ciudadana en el congreso y los partidos por el suelo, al parecer la estrategia fue, disimular lo m\u00e1s posibles las ense\u00f1as y colores partidarios, y buscar candidaturas fuera de las filas. Un craso error. Si bien la ciudadan\u00eda distingui\u00f3 masivamente con su apoyo, a figuras independientes, esta adhesi\u00f3n no se extiende mec\u00e1nicamente a los partidos pol\u00edticos. Tampoco sirve a los partidos para computar votos, para el esquivo 5% de representaci\u00f3n electoral, que la legislaci\u00f3n exige para mantener la existencia legal. Un error may\u00fasculo, adem\u00e1s, si se pretende combatir las peores expresiones que pervierten la democracia, el populismo y el<br>autoritarismo.<br>Los partidos progresistas, nuevamente con un discurso ininteligible para las grandes mayor\u00edas del<br>pa\u00eds. Frente al discurso simple, plagado de ideas b\u00e1sicas, y golpes de efecto, de un partido ultra conservador, que luci\u00f3 con orgullo sus emblemas partidarios. Las ideas progresistas si no se explican en f\u00e1cil, caen presa del discurso grandilocuente, de frases para el bronce, y ojitos en blanco mirando al cielo, que s\u00f3lo entusiasman a los incondicionales, aplaudido s\u00f3lo por los militantes a sueldo en la administraci\u00f3n. Frente a los colores invisibles, y a los emblemas partidarios ocultos del progresismo, el partido ultra conservador gan\u00f3 un espacio impensado en la votaci\u00f3n popular. Una realidad dif\u00edcil de revertir, sin trabajo territorial, sin inserci\u00f3n<br>efectiva en los barrios y calles. Hoy resulta evidente, que quienes con facilidad conquistaron La Moneda, con igual facilidad la pueden devolver, Sin haber sepultado el neoliberalismo, y lo que ser\u00eda mucho peor, sin haber mejorado en forma efectiva la vida de las personas. A mi modo de ver, la actividad pol\u00edtica, no tendr\u00eda raz\u00f3n de ser, si no busca impactar positivamente, si no se logra desde el gobierno, mejorar la vida de los conciudadanos, no tiene sentido la lucha por el poder pol\u00edtico. Por cierto, que existen, como siempre existieron, quienes persiguen el poder por el poder, y nada m\u00e1s les conforma. Afortunadamente, las personas son m\u00e1s sensatas, de lo que ciertos pol\u00edticos creen, y de cuando en cuando, mandan para su casa, a los abusivos o impopulares. Si no creen, vean la despedida a la profe Cubillos y a la funcionaria municipal Karla Rubilar. Tambi\u00e9n el adi\u00f3s a Irac\u00ed Hassler, y los puntos suspensivos al soldado de Ch\u00e1vez, Alejandro Navarro.<\/p>\n\n\n\n<p>Hasta el 24 de noviembre, va a seguir sonando la batucada electoral, la gran mayor\u00eda de la poblaci\u00f3n nacional, a\u00fan no decide a su gobernador regional, y este es un factor de incertidumbre importante, en la proyecci\u00f3n regional. Al aguaite, las figuras presidenciales, en el sector conservador, do\u00f1a Evelyn, parece tener el camino despejado. El abrupto deceso electoral de Marcela Cubillos en Las Condes, que hace un mes atr\u00e1s, nadie habr\u00eda asegurado, y la decepci\u00f3n municipal y regional del partido de Jos\u00e9 Kast, la dejan con cancha abierta para su despliegue. Aunque, ahora m\u00e1s cauta, advierte que falta un a\u00f1o a\u00fan. Aprendizaje duro de experiencias pasadas, donde las tendencias entr\u00f3picas del sector, sumadas al canibalismo insaciable,<br>liquidaron candidaturas cantadas. Si todo sucede como anhela do\u00f1a Evelyn, llegar\u00eda como candidata \u00fanica del sector conservador, y en pole position, para derrotar a la opci\u00f3n progresista. Tras cart\u00f3n, Jos\u00e9 Kast, lame sus heridas electorales, y no oculta su intenci\u00f3n de ir directo a la papeleta, y tal vez, volver a pasar a segunda vuelta, tentando a la fortuna por tercera vez. Seg\u00fan reconoce, ser\u00eda esta su \u00faltima aventura presidencial.<br>Desde el progresismo, hoy tratando de concluir de buena forma el \u00faltimo a\u00f1o de la actual<br>administraci\u00f3n, el panorama presidencial, se ha ido complejizando. La figura indiscutida de la ministra Toh\u00e1, destacada y experimentada pol\u00edtica, hoy no pasa su mejor momento, afectada por el denominado caso Monsalve. Constituido por estos d\u00edas, en el principal dolor de cabeza del ejecutivo. A\u00fan es temprano para descartar esta opci\u00f3n, que perfectamente podr\u00eda llegar a una primaria oficialista. Por algo el sector conservador ha reactivado su ofensiva de una eventual acusaci\u00f3n constitucional, ya saborearon la sangre, y se encuentran \u00e1vidos, a engullir a la principal ministra del gabinete presidencial. En el \u00ednterin, y casi de modo anecd\u00f3tico, apareci\u00f3 brindando entrevista, el que fuera el ni\u00f1o s\u00edmbolo de la generaci\u00f3n de l\u00edderes estudiantiles, que saltaron desde la facultad, al congreso y a la Moneda, en menos de 15 a\u00f1os. Me refiero al hombre de la notable calva, el ex ministro Jackson, quien, con su humildad habitual, sostuvo que los<br>resultados electorales de su partido, acallaban a quienes los daban por muertos, y que una vez m\u00e1s estar\u00edan en la papeleta el pr\u00f3ximo a\u00f1o. En pol\u00edtica, como en la vida, nadie tiene clavada la rueda de la fortuna, dejaremos al tiempo hacer lo suyo, y esperaremos el desenlace de estos acontecimientos.<br>De manera vertiginosa se aproxima el \u00faltimo a\u00f1o de mandato de la actual administraci\u00f3n. De las<br>grandes reformas que constitu\u00edan la base del programa de gobierno, se ve cada m\u00e1s distante la posibilidad de que se concrete, quiz\u00e1s la m\u00e1s importante de ellas, que es la reforma de pensiones. Se ha anunciado la posible pre candidatura presidencial de la ministra Jara por el PC, en una especie de reconocimiento de que la reforma no va a avanzar. Se intenta por estos d\u00edas sacar adelante dos promesas de campa\u00f1a, el fin al CAE, y el pago de la deuda hist\u00f3rica a los profesores. Otro ministro del PC a cargo de los anuncios, y, asimismo, sin certeza alguna de contar con votos para su aprobaci\u00f3n. Se tratar\u00eda de un intento de pasar al pizarr\u00f3n al sector conservador. En \u00e9poca de elecciones, nadie en su sano juicio, puede afirmar, que tan peregrina estrategia, concluir\u00e1 con la aprobaci\u00f3n de estos proyectos. En el fondo son gestos para la galer\u00eda, inauditos a estas<br>alturas, ya que los sectores que han sostenido a esta administraci\u00f3n, exceden por mucho a la barra brava, que pide avanzar con el programa de gobierno, aunque no se tenga los votos. Como ha sido usual en estos tres a\u00f1os, ha sido el sector del socialismo democr\u00e1tico quien exige seriedad y prudencia, en este \u00faltimo tramo, para concluir con responsabilidad el mandato. Mostrar en el ep\u00edlogo, capacidad de acuerdos y voluntad de dialogo, ser\u00eda la \u00fanica forma en que el progresismo, puede re encantar al electorado, con una nueva y distinto proyecto pol\u00edtico hacia el futuro.<br>M\u00e1s all\u00e1 de los colores pol\u00edticos, los ciudadanos eligieron y eligieron bien, corresponde respetar,<br>dentro de un proceso electoral ejemplar. M\u00e1s de 15 millones de electores, y con resultados indiscutidos, pasadas 3 horas de la votaci\u00f3n. Es algo muy especial, de lo que debemos estar orgullosos como sociedad.<br>Esperamos que los alcaldes y alcaldesas, los cuerpos de concejales, los cuatro gobernadores regionales electos, y sus honorables consejos regionales, tengan mucho \u00e9xito en su gesti\u00f3n, ese es el verdadero camino para mejorar la calidad de vida de las personas. El verdadero cambio, la verdadera revoluci\u00f3n, ser\u00e1 desde las comunas y regiones, profundizar la descentralizaci\u00f3n es el \u00fanico camino al desarrollo, por eso nos sumamos con entusiasmo, a construir desde la zona extrema Magallanes, la regi\u00f3n que queremos.<br>Ernesto Sep\u00falveda Tornero<\/p>\n\n\n\n<p><\/p>\n","protected":false},"excerpt":{"rendered":"<p>La semana transcurri\u00f3 entre an\u00e1lisis de los resultados de las hist\u00f3ricas elecciones del fin de semana pasado. El n\u00famero nunca antes visto de personas votando, pone a esta doble jornada&#8230; <a class=\"read-more\" href=\"https:\/\/www.radiopresidenteibanez.cl\/web\/epilogo-politico\/\">Leer m\u00e1s<\/a><\/p>\n","protected":false},"author":2,"featured_media":52114,"comment_status":"closed","ping_status":"closed","sticky":false,"template":"","format":"standard","meta":{"footnotes":""},"categories":[1],"tags":[],"class_list":["post-52113","post","type-post","status-publish","format-standard","has-post-thumbnail","hentry","category-cronica"],"_links":{"self":[{"href":"https:\/\/www.radiopresidenteibanez.cl\/web\/wp-json\/wp\/v2\/posts\/52113","targetHints":{"allow":["GET"]}}],"collection":[{"href":"https:\/\/www.radiopresidenteibanez.cl\/web\/wp-json\/wp\/v2\/posts"}],"about":[{"href":"https:\/\/www.radiopresidenteibanez.cl\/web\/wp-json\/wp\/v2\/types\/post"}],"author":[{"embeddable":true,"href":"https:\/\/www.radiopresidenteibanez.cl\/web\/wp-json\/wp\/v2\/users\/2"}],"replies":[{"embeddable":true,"href":"https:\/\/www.radiopresidenteibanez.cl\/web\/wp-json\/wp\/v2\/comments?post=52113"}],"version-history":[{"count":0,"href":"https:\/\/www.radiopresidenteibanez.cl\/web\/wp-json\/wp\/v2\/posts\/52113\/revisions"}],"wp:featuredmedia":[{"embeddable":true,"href":"https:\/\/www.radiopresidenteibanez.cl\/web\/wp-json\/wp\/v2\/media\/52114"}],"wp:attachment":[{"href":"https:\/\/www.radiopresidenteibanez.cl\/web\/wp-json\/wp\/v2\/media?parent=52113"}],"wp:term":[{"taxonomy":"category","embeddable":true,"href":"https:\/\/www.radiopresidenteibanez.cl\/web\/wp-json\/wp\/v2\/categories?post=52113"},{"taxonomy":"post_tag","embeddable":true,"href":"https:\/\/www.radiopresidenteibanez.cl\/web\/wp-json\/wp\/v2\/tags?post=52113"}],"curies":[{"name":"wp","href":"https:\/\/api.w.org\/{rel}","templated":true}]}}