{"id":5210,"date":"2019-06-20T15:47:32","date_gmt":"2019-06-20T15:47:32","guid":{"rendered":"http:\/\/www.radiopresidenteibanez.cl\/web\/?p=5210"},"modified":"2019-06-20T15:48:26","modified_gmt":"2019-06-20T15:48:26","slug":"autoridades-regionales-llaman-a-padres-a-hacer-uso-del-permiso-de-postnatal-parental","status":"publish","type":"post","link":"https:\/\/www.radiopresidenteibanez.cl\/web\/autoridades-regionales-llaman-a-padres-a-hacer-uso-del-permiso-de-postnatal-parental\/","title":{"rendered":"AUTORIDADES REGIONALES LLAMAN A PADRES A HACER USO DEL PERMISO DE POSTNATAL PARENTAL"},"content":{"rendered":"\n<p>Con miras a difundir\nlos derechos que tienen los padres trabajadores en Magallanes y promover as\u00ed\nuna cultura de responsabilidad compartida en el cuidado de los hijos, esta\nma\u00f1ana, el intendente regional de Magallanes, Jos\u00e9 Fern\u00e1ndez D\u00fcbrock, en\ncompa\u00f1\u00eda de la Seremi del Trabajo, Victoria Cort\u00e9s Schiattino; y la Seremi de la\nMujer y Equidad de G\u00e9nero, Patricia Mackenney, difundieron la Campa\u00f1a\n#Pap\u00e1Conmigo, haciendo un importante llamado a utilizar el beneficio del\nllamado Permiso de Postnatal Parental.<\/p>\n\n\n\n<p>As\u00ed, en palabras de la\nprimera autoridad regional, \u201cqueremos dar a conocer a la comunidad magall\u00e1nica\nque existe este Permiso Postnatal Parental, que aqu\u00ed en Magallanes ha sido poco\nutilizado por los padres desde que existe el beneficio. Por tanto, nuestro\nllamado es a utilizar este permiso para que los padres puedan estar con sus\nhijos reci\u00e9n nacidos y, al igual que las madres, ser parte tambi\u00e9n de su\ncuidado, lo que trae grandes ventajas como es incrementar los v\u00ednculos con sus\nhijos desde temprana edad\u201d.<\/p>\n\n\n\n<p>En torno a esta\nconsigna, la secretaria regional del Trabajo inform\u00f3 que se trata de un derecho\nque desde el a\u00f1o 2011 tienen las madres trabajadoras, que puede ser cedido a\nlos padres, de mutuo acuerdo, en modalidad de jornada parcial y total. No\nobstante, las cifras dan cuenta de una muy baja utilizaci\u00f3n de este traspaso.\n\u201cDurante el a\u00f1o 2018, solamente 5 casos se registraron en Magallanes, de pap\u00e1s\nque hicieron uso del beneficio del postnatal parental, de un total de 1.050\npermisos. En lo que va del 2019, tenemos 4 casos, por lo que esperamos que este\na\u00f1o podamos cerrar con un n\u00famero un poco mayor, pero que contin\u00faa siendo muy bajo.\nPor tanto, tal como se\u00f1alaba el intendente, queremos hacer un llamado a que el\ntema se discuta al interior de las familias para que los pap\u00e1s hagan uso de\neste derecho\u201d.<\/p>\n\n\n\n<p>De acuerdo a los datos\nentregados por la Seremi, entre los a\u00f1os 2011 y 2019 (hasta marzo), se han\nsolicitado un total de 7.570 permisos de postnatal parental en Magallanes, de\nlos cuales s\u00f3lo 50 han sido traspasados al padre, lo que constituye un\nporcentaje de utilizaci\u00f3n de apenas un 0,6%.<\/p>\n\n\n\n<p>Considerando este bajo\nnivel de uso del beneficio por parte de los padres, la Seremi de la Mujer,\nexpuso que \u201clos primeros d\u00edas de vida son los m\u00e1s importantes para la creaci\u00f3n\nde lazos afectivos y por eso la importancia de crear v\u00ednculos s\u00f3lidos y la\n\u00fanica forma de lograrlo es que los padres est\u00e9n presentes y tomen la\nresponsabilidad del cuidado de los hijos. Por eso, como Ministerio de la Mujer\ny como Ministerio del Trabajo pedimos que tomen este permiso de postnatal\nparental que beneficia a la familia completa\u201d.<\/p>\n\n\n\n<p>Otro dato, bastante\ndecidor en lo que respecta al cambio cultural que se debe transmitir a las\nfamilias en torno a las responsabilidades parentales, corresponde a la baja\nutilizaci\u00f3n por parte de los varones de los cinco d\u00edas de permiso que la ley\notorga a los padres al momento del nacimiento de un hijo, que indica que s\u00f3lo 2\nde cada 10 padres, hace uso de este beneficio.<\/p>\n\n\n\n<p><strong>Datos Permiso Postnatal Parental<\/strong><\/p>\n\n\n\n<p>El permiso de\nPostnatal Parental es un beneficio de la madre trabajadora que puede ser\ntraspasado al padre trabajador siempre que sea una decisi\u00f3n tomada en conjunto\n(madre y padre), permitiendo que desde la s\u00e9ptima semana \u00e9ste \u00faltimo acceda al\npermiso y al subsidio \u2013parcial o total- que se calcula respecto de su\nremuneraci\u00f3n y que actualmente tiene un tope de 75,7 UF (es decir, sobre los 2\nmillones de pesos).<\/p>\n\n\n\n<p>Este beneficio\ncontempla una flexibilizaci\u00f3n en su uso, pues a diferencia del subsidio por\ndescanso prenatal y postnatal \u2013que s\u00f3lo puede ser utilizado en modalidad de\njornada completa y durante un plazo definido- entrega a la madre trabajadora la\nalternativa de utilizarlo en modalidad jornada completa (12 semanas) o jornada\nparcial (18 semanas), opci\u00f3n que tambi\u00e9n puede ser utilizada por el padre\nprevio aviso a su empleador.<\/p>\n\n\n\n<p>Quienes pueden acceder\na este beneficio son las trabajadoras dependientes, quienes necesitan tener\nseis meses de afiliaci\u00f3n a una AFP y tres o m\u00e1s cotizaciones previsionales,\ncontinuas o discontinuas y, tambi\u00e9n, deben estar afiliadas a Fonasa o una Isapre.\nEn el caso de las trabajadoras independientes u honorarios, estas deben tener\nun a\u00f1o de afiliaci\u00f3n a una AFP y seis o m\u00e1s cotizaciones continuas o\ndiscontinuas.<\/p>\n\n\n\n<p>Constituye,\nadem\u00e1s, un beneficio de car\u00e1cter irrenunciable, que busca fortalecer los\nderechos de las mujeres, de los ni\u00f1os y tambi\u00e9n de los padres, en la medida que\nla madre traspase el postnatal parental.<\/p>\n\n\n\n<p>Las semanas utilizadas por el padre deben ubicarse en el per\u00edodo final del permiso y dar\u00e1n derecho a subsidio, calculado en base a sus remuneraciones. En caso de que el padre haga uso de parte del permiso postnatal parental, debe dar aviso a su empleador y al empleador de la trabajadora mediante carta certificada enviada, a lo menos, con diez d\u00edas de anticipaci\u00f3n a la fecha en que har\u00e1 uso del permiso, con copia a la Inspecci\u00f3n del Trabajo que corresponda al lugar de su trabajo, dentro del mismo plazo. A su vez, el empleador del padre debe dar aviso a las entidades pagadoras del subsidio, tanto del padre como de la madre, antes del inicio del permiso postnatal parental que el trabajador utilice, envi\u00e1ndoles copia del aviso.<\/p>\n\n\n\n<figure class=\"wp-block-image\"><img loading=\"lazy\" decoding=\"async\" width=\"1024\" height=\"768\" src=\"https:\/\/www.radiopresidenteibanez.cl\/web\/wp-content\/uploads\/2019\/06\/IMG_004-1024x768.jpg\" alt=\"\" class=\"wp-image-5211\" srcset=\"https:\/\/www.radiopresidenteibanez.cl\/web\/wp-content\/uploads\/2019\/06\/IMG_004.jpg 1024w, https:\/\/www.radiopresidenteibanez.cl\/web\/wp-content\/uploads\/2019\/06\/IMG_004-300x225.jpg 300w, https:\/\/www.radiopresidenteibanez.cl\/web\/wp-content\/uploads\/2019\/06\/IMG_004-768x576.jpg 768w\" sizes=\"auto, (max-width: 1024px) 100vw, 1024px\" \/><\/figure>\n","protected":false},"excerpt":{"rendered":"<p>Con miras a difundir los derechos que tienen los padres trabajadores en Magallanes y promover as\u00ed una cultura de responsabilidad compartida en el cuidado de los hijos, esta ma\u00f1ana, el&#8230; <a class=\"read-more\" href=\"https:\/\/www.radiopresidenteibanez.cl\/web\/autoridades-regionales-llaman-a-padres-a-hacer-uso-del-permiso-de-postnatal-parental\/\">Leer m\u00e1s<\/a><\/p>\n","protected":false},"author":2,"featured_media":5211,"comment_status":"closed","ping_status":"closed","sticky":false,"template":"","format":"standard","meta":{"footnotes":""},"categories":[1],"tags":[],"class_list":["post-5210","post","type-post","status-publish","format-standard","has-post-thumbnail","hentry","category-cronica"],"_links":{"self":[{"href":"https:\/\/www.radiopresidenteibanez.cl\/web\/wp-json\/wp\/v2\/posts\/5210","targetHints":{"allow":["GET"]}}],"collection":[{"href":"https:\/\/www.radiopresidenteibanez.cl\/web\/wp-json\/wp\/v2\/posts"}],"about":[{"href":"https:\/\/www.radiopresidenteibanez.cl\/web\/wp-json\/wp\/v2\/types\/post"}],"author":[{"embeddable":true,"href":"https:\/\/www.radiopresidenteibanez.cl\/web\/wp-json\/wp\/v2\/users\/2"}],"replies":[{"embeddable":true,"href":"https:\/\/www.radiopresidenteibanez.cl\/web\/wp-json\/wp\/v2\/comments?post=5210"}],"version-history":[{"count":0,"href":"https:\/\/www.radiopresidenteibanez.cl\/web\/wp-json\/wp\/v2\/posts\/5210\/revisions"}],"wp:featuredmedia":[{"embeddable":true,"href":"https:\/\/www.radiopresidenteibanez.cl\/web\/wp-json\/wp\/v2\/media\/5211"}],"wp:attachment":[{"href":"https:\/\/www.radiopresidenteibanez.cl\/web\/wp-json\/wp\/v2\/media?parent=5210"}],"wp:term":[{"taxonomy":"category","embeddable":true,"href":"https:\/\/www.radiopresidenteibanez.cl\/web\/wp-json\/wp\/v2\/categories?post=5210"},{"taxonomy":"post_tag","embeddable":true,"href":"https:\/\/www.radiopresidenteibanez.cl\/web\/wp-json\/wp\/v2\/tags?post=5210"}],"curies":[{"name":"wp","href":"https:\/\/api.w.org\/{rel}","templated":true}]}}