{"id":521,"date":"2019-01-16T18:42:19","date_gmt":"2019-01-16T18:42:19","guid":{"rendered":"http:\/\/www.radiopresidenteibanez.cl\/web\/?p=521"},"modified":"2019-01-16T18:42:26","modified_gmt":"2019-01-16T18:42:26","slug":"con-obra-los-invasores-se-inicia-cartelera-cultural-municipal-de-verano","status":"publish","type":"post","link":"https:\/\/www.radiopresidenteibanez.cl\/web\/con-obra-los-invasores-se-inicia-cartelera-cultural-municipal-de-verano\/","title":{"rendered":"CON OBRA \u201cLOS INVASORES\u201d SE INICIA CARTELERA CULTURAL MUNICIPAL DE VERANO"},"content":{"rendered":"\n<p>\n\nCon la obra de teatro \u201cLos Invasores\u201d, el Municipio de Punta Arenas dar\u00e1 inicio a la Cartelera Cultural de verano, que incluye una variada parrilla gratuita y abierta para toda la comunidad.&nbsp;La aplaudida creaci\u00f3n del dramaturgo chileno, Egon Wolff, considerado uno de los m\u00e1s influyentes en el \u00e1mbito del teatro nacional, fallecido hace poco m\u00e1s de un a\u00f1o, mostrar\u00e1 sobre el escenario una serie de situaciones relacionadas con la lucha de clases, con una alta dosis de humor negro.La obra transcurre en el interior de la residencia de la familia Meyer, ubicada en un lugar exclusivo, al tener una situaci\u00f3n econ\u00f3mica y social de alto nivel.Al cabo de una noche de celebraci\u00f3n, la familia es sorprendida por la presencia de un grupo de personas que les plantean que har\u00e1n \u201cuna revoluci\u00f3n\u201d.El drama se inicia en ese momento, cuando la familia de la llamada \u201cclase alta\u201d, ve materializados sus temores m\u00e1s profundos en el mism\u00edsimo living de su residencia.La obra de Egon Wolff tendr\u00e1 la direcci\u00f3n y adaptaci\u00f3n de Diego Mart\u00ednez y Adams Pinto, respectivamente, mientras que el elenco estar\u00e1 integrado por Sebasti\u00e1n Maureira, Pascale Larrosa, Javier Varas, Francisca Medina, Consuelo Carre\u00f1o y Julio Ojeda.Todos est\u00e1n vinculados a la actividad teatral en Santiago y cuentan con lazos laborales surgidos despu\u00e9s de su paso por escuelas y academias teatrales de diversas universidades capitalinas y con giras por el pa\u00eds.El dise\u00f1o teatral pertenece a Tob\u00edas D\u00edaz; el dise\u00f1o gr\u00e1fico a Evelyn Sanhueza y la producci\u00f3n a Diego Aranda.\u201cLos invasores\u201d llegar\u00e1 al escenario del Centro Cultural Municipal (Av. 21 de Mayo 2421), este s\u00e1bado, 19 de enero, a partir de las 19 horas.Las invitaciones pueden ser retiradas el jueves y viernes (17 y 18 de enero), en el Teatro Municipal y en el estacionamiento del supermercado Unimarc Sur, entre las 15 y 19 horas.&nbsp;\n\n<\/p>\n","protected":false},"excerpt":{"rendered":"<p>Con la obra de teatro \u201cLos Invasores\u201d, el Municipio de Punta Arenas dar\u00e1 inicio a la Cartelera Cultural de verano, que incluye una variada parrilla gratuita y abierta para toda&#8230; <a class=\"read-more\" href=\"https:\/\/www.radiopresidenteibanez.cl\/web\/con-obra-los-invasores-se-inicia-cartelera-cultural-municipal-de-verano\/\">Leer m\u00e1s<\/a><\/p>\n","protected":false},"author":2,"featured_media":522,"comment_status":"closed","ping_status":"closed","sticky":false,"template":"","format":"standard","meta":{"footnotes":""},"categories":[1],"tags":[],"class_list":["post-521","post","type-post","status-publish","format-standard","has-post-thumbnail","hentry","category-cronica"],"_links":{"self":[{"href":"https:\/\/www.radiopresidenteibanez.cl\/web\/wp-json\/wp\/v2\/posts\/521","targetHints":{"allow":["GET"]}}],"collection":[{"href":"https:\/\/www.radiopresidenteibanez.cl\/web\/wp-json\/wp\/v2\/posts"}],"about":[{"href":"https:\/\/www.radiopresidenteibanez.cl\/web\/wp-json\/wp\/v2\/types\/post"}],"author":[{"embeddable":true,"href":"https:\/\/www.radiopresidenteibanez.cl\/web\/wp-json\/wp\/v2\/users\/2"}],"replies":[{"embeddable":true,"href":"https:\/\/www.radiopresidenteibanez.cl\/web\/wp-json\/wp\/v2\/comments?post=521"}],"version-history":[{"count":0,"href":"https:\/\/www.radiopresidenteibanez.cl\/web\/wp-json\/wp\/v2\/posts\/521\/revisions"}],"wp:featuredmedia":[{"embeddable":true,"href":"https:\/\/www.radiopresidenteibanez.cl\/web\/wp-json\/wp\/v2\/media\/522"}],"wp:attachment":[{"href":"https:\/\/www.radiopresidenteibanez.cl\/web\/wp-json\/wp\/v2\/media?parent=521"}],"wp:term":[{"taxonomy":"category","embeddable":true,"href":"https:\/\/www.radiopresidenteibanez.cl\/web\/wp-json\/wp\/v2\/categories?post=521"},{"taxonomy":"post_tag","embeddable":true,"href":"https:\/\/www.radiopresidenteibanez.cl\/web\/wp-json\/wp\/v2\/tags?post=521"}],"curies":[{"name":"wp","href":"https:\/\/api.w.org\/{rel}","templated":true}]}}