{"id":52097,"date":"2024-10-30T18:11:00","date_gmt":"2024-10-30T21:11:00","guid":{"rendered":"https:\/\/www.radiopresidenteibanez.cl\/web\/?p=52097"},"modified":"2024-10-30T11:45:45","modified_gmt":"2024-10-30T14:45:45","slug":"autoridades-realizan-llamado-a-la-conduccion-responsable-y-anuncian-reforzamiento-de-controles-durante-fin-de-semana-largo","status":"publish","type":"post","link":"https:\/\/www.radiopresidenteibanez.cl\/web\/autoridades-realizan-llamado-a-la-conduccion-responsable-y-anuncian-reforzamiento-de-controles-durante-fin-de-semana-largo\/","title":{"rendered":"Autoridades realizan llamado a la conducci\u00f3n responsable y anuncian reforzamiento de controles durante fin de semana largo"},"content":{"rendered":"\n<p>Un total de 90 accidentes de tr\u00e1nsito con conductores con consumo de alcohol se<br>han registrado este a\u00f1o en la capital regional, cifra relevante que las autoridades de Gobierno y<br>Carabineros llamaron a no aumentar durante este fin de semana largo.<br>En el marco de los operativos semanales de fiscalizaci\u00f3n vehicular que realizan en conjunto la<br>seremi de Transportes, Carabineros y la Coordinaci\u00f3n Regional de Seguridad P\u00fablica, se entreg\u00f3<br>un mensaje preventivo a conductores, considerando las fechas festivas que se aproximan.<br>El seremi de Gobierno, Andro Mimica; el seremi de Transportes y Telecomunicaciones, Rodrigo<br>Hern\u00e1ndez, la directora regional de SENDA, Lorena Guala y el comisario de la Primera Comisar\u00eda de<br>Punta Arenas, capit\u00e1n Sergio Castell\u00f3n, detallaron el despliegue preventivo y de control que se<br>llevar\u00e1 a cabo desde este mi\u00e9rcoles, con el objetivo de evitar siniestros de tr\u00e1nsito.<br>\u201cNosotros como gobierno queremos el resguardo de todas nuestras vecinas y vecinos y vamos a<br>estar trabajando con el intersector: Ministerio de Transportes, SENDA y Carabineros en todas las<br>provincias para evitar que puedan ocurrir hechos que tengamos que lamentar durante este fin de<br>semana largo. Venimos saliendo de un fin de semana extremadamente largo del 18 de<br>septiembre, donde se vio una coordinaci\u00f3n en los distintos puntos en cada una de las comunas<br>que nos permitieron no tener que lamentar hechos que pudieron ser fatales\u201d, manifest\u00f3 el vocero<br>de Gobierno.<br>La autoridad detall\u00f3 que \u201cal d\u00eda de hoy llevamos 90 accidentes relacionados con la conducci\u00f3n y el<br>consumo de alcohol. Tenemos que terminar con esto, y para eso vamos a seguir trabajando y<br>poniendo a disposici\u00f3n todos los dispositivos de parte del Estado para poder hacer las<br>fiscalizaciones, pero tambi\u00e9n el llamado es preventivo: la primera medida que se tiene que tener<br>es el autocontrol y el autocuidado de quienes van a estar conduciendo, para cuidarse ellos<br>mismos, pero tambi\u00e9n a sus familias\u201d, enfatiz\u00f3 Mimica.<br>En tanto, el seremi de Transportes, Rodrigo Hern\u00e1ndez afirm\u00f3 que el despliegue de los equipos de<br>fiscalizaci\u00f3n se reforzar\u00e1 durante los pr\u00f3ximos d\u00edas, pero que la primera responsabilidad es<br>personal. \u201cVamos a tener distintos operativos, de diferente naturaleza, donde vamos a estar<br>administrando y controlando el flujo de transportes y otras \u00e1reas, primero con la idea de<br>mantener una fiscalizaci\u00f3n adecuada y, lo segundo, entregar un mensaje apropiado a las personas<br>para que se cuiden, que se cuiden en familia. El llamado exprofeso es a que en familia o con los<\/p>\n\n\n\n<p>amigos vean qui\u00e9n maneja para que lleguen todos a salvo. Si no contamos con ese aporte, las<br>leyes, las se\u00f1al\u00e9ticas, las fiscalizaciones nunca van a ser suficientes\u201d.<br>El capit\u00e1n Castell\u00f3n profundiz\u00f3 en el alto n\u00famero de accidentes de tr\u00e1nsito que se han registrado<br>este 2024, llegando a 622, \u201cde ellos en 90 casos el alcohol ha sido part\u00edcipe en los conductores, lo<br>que equivale a casi un 15%, lo que es una cifra demasiado alta porque no solo se ponen en riesgo<br>los conductores, sino que tambi\u00e9n a la familia y a terceros que no tienen ning\u00fan tipo de<br>responsabilidad en el accidente, es m\u00e1s la irresponsabilidad de una persona que consume alcohol<br>y conduce un veh\u00edculo porque puede tener consecuencias fatales, que afortunadamente no hemos<br>tenido en la comuna. No obstante, debido a las fiscalizaciones van 162 personas detenidas por<br>conducci\u00f3n bajo la influencia del alcohol y 11 personas detenidas bajo la influencia de sustancias<br>psicotr\u00f3picas, lo cual va en aumento y debemos revertir. A la fecha se han efectuado m\u00e1s de 3.000<br>fiscalizaciones\u201d, detall\u00f3 el comisario de Punta Arenas.<br>Por su parte, SENDA tiene programado operativos del programa Tolerancia Cero con la ambulancia<br>y Carabineros. \u201cEn este fin de semana largo vamos a reforzar nuestros controles preventivos.<br>Quiero se\u00f1alar adem\u00e1s que hacemos un llamado al autocuidado y decir que el consumo de alcohol<br>u otras drogas en la conducci\u00f3n, es un consumo de riesgo que afecta de distinta forma, los efectos<br>son distintos en cada persona, dependiendo de la estructura f\u00edsica, de la edad, de la salud, de la<br>alimentaci\u00f3n, etc. entonces para nosotros es muy importante poder se\u00f1alar que el consumo, es un<br>consumo de riesgo\u201d, subray\u00f3 la directora regional, Lorena Guala.<br>A la fecha SENDA ha efectuado 40 operativos, concretando m\u00e1s de 3.000 controles a conductores,<br>donde la sustancia que se registra en su mayor\u00eda es el alcohol, y como una droga il\u00edcita aparece<br>consumo de coca\u00edna.<\/p>\n","protected":false},"excerpt":{"rendered":"<p>Un total de 90 accidentes de tr\u00e1nsito con conductores con consumo de alcohol sehan registrado este a\u00f1o en la capital regional, cifra relevante que las autoridades de Gobierno yCarabineros llamaron&#8230; <a class=\"read-more\" href=\"https:\/\/www.radiopresidenteibanez.cl\/web\/autoridades-realizan-llamado-a-la-conduccion-responsable-y-anuncian-reforzamiento-de-controles-durante-fin-de-semana-largo\/\">Leer m\u00e1s<\/a><\/p>\n","protected":false},"author":2,"featured_media":52098,"comment_status":"closed","ping_status":"closed","sticky":false,"template":"","format":"standard","meta":{"footnotes":""},"categories":[1],"tags":[],"class_list":["post-52097","post","type-post","status-publish","format-standard","has-post-thumbnail","hentry","category-cronica"],"_links":{"self":[{"href":"https:\/\/www.radiopresidenteibanez.cl\/web\/wp-json\/wp\/v2\/posts\/52097","targetHints":{"allow":["GET"]}}],"collection":[{"href":"https:\/\/www.radiopresidenteibanez.cl\/web\/wp-json\/wp\/v2\/posts"}],"about":[{"href":"https:\/\/www.radiopresidenteibanez.cl\/web\/wp-json\/wp\/v2\/types\/post"}],"author":[{"embeddable":true,"href":"https:\/\/www.radiopresidenteibanez.cl\/web\/wp-json\/wp\/v2\/users\/2"}],"replies":[{"embeddable":true,"href":"https:\/\/www.radiopresidenteibanez.cl\/web\/wp-json\/wp\/v2\/comments?post=52097"}],"version-history":[{"count":0,"href":"https:\/\/www.radiopresidenteibanez.cl\/web\/wp-json\/wp\/v2\/posts\/52097\/revisions"}],"wp:featuredmedia":[{"embeddable":true,"href":"https:\/\/www.radiopresidenteibanez.cl\/web\/wp-json\/wp\/v2\/media\/52098"}],"wp:attachment":[{"href":"https:\/\/www.radiopresidenteibanez.cl\/web\/wp-json\/wp\/v2\/media?parent=52097"}],"wp:term":[{"taxonomy":"category","embeddable":true,"href":"https:\/\/www.radiopresidenteibanez.cl\/web\/wp-json\/wp\/v2\/categories?post=52097"},{"taxonomy":"post_tag","embeddable":true,"href":"https:\/\/www.radiopresidenteibanez.cl\/web\/wp-json\/wp\/v2\/tags?post=52097"}],"curies":[{"name":"wp","href":"https:\/\/api.w.org\/{rel}","templated":true}]}}