{"id":52091,"date":"2024-10-30T15:38:00","date_gmt":"2024-10-30T18:38:00","guid":{"rendered":"https:\/\/www.radiopresidenteibanez.cl\/web\/?p=52091"},"modified":"2024-10-30T11:40:12","modified_gmt":"2024-10-30T14:40:12","slug":"primera-version-del-evento-tenemos-que-innovar-impulsa-la-productividad-en-el-sector-de-la-construccion-en-magallanes","status":"publish","type":"post","link":"https:\/\/www.radiopresidenteibanez.cl\/web\/primera-version-del-evento-tenemos-que-innovar-impulsa-la-productividad-en-el-sector-de-la-construccion-en-magallanes\/","title":{"rendered":"Primera versi\u00f3n del evento \u201cTenemos Que Innovar\u201d impulsa la productividad en el sector de la construcci\u00f3n en Magallanes"},"content":{"rendered":"\n<p>Con la presencia de actores de sectores p\u00fablico y privado y representantes del \u00e1rea acad\u00e9mica, se desarroll\u00f3 con \u00e9xito en Magallanes la primera versi\u00f3n del evento \u201cTenemos que Innovar\u201d, iniciativa organizada por la Gerencia de Sostenibilidad e Innovaci\u00f3n de la C\u00e1mara Chilena de la Construcci\u00f3n (CChC) en conjunto con la C\u00e1mara regional con el objetivo de promover el di\u00e1logo local y as\u00ed fortalecer el ecosistema de innovaci\u00f3n regional.<\/p>\n\n\n\n<p>\u201cEstamos muy contentos de recibir esta actividad por primera vez, alineada con los focos estrat\u00e9gicos que hemos definido en CChC Magallanes: promover la sostenibilidad y la innovaci\u00f3n, y su relaci\u00f3n con la productividad en el sector de la construcci\u00f3n. En este evento, contamos con la participaci\u00f3n de CORFO, un actor clave en el ecosistema de innovaci\u00f3n, y pudimos conocer la experiencia de Concremag, una empresa socia de la CChC, que representa un motivo de orgullo para nuestra regi\u00f3n y que esperamos que impulse cambios en los materiales y proveedores del sector. Adem\u00e1s, se llev\u00f3 a cabo un taller enfocado en aumentar la productividad del rubro. Con este tipo de iniciativas, fortalecemos los lazos entre el sector p\u00fablico, la academia y la construcci\u00f3n\u201d, afirm\u00f3 Crist\u00f3bal Bascu\u00f1\u00e1n, presidente CChC Magallanes.<\/p>\n\n\n\n<p>Durante el evento, se realiz\u00f3 un panel de conversaci\u00f3n moderado por Alfredo Silva Fern\u00e1ndez, L\u00edder del Nodo Innovaci\u00f3n de la CChC. Este encuentro cont\u00f3 con la participaci\u00f3n de Mar\u00eda Jos\u00e9 Navajas, Directora Regional de Corfo; Julio \u00c1lvarez Gonz\u00e1lez, Director de la Carrera de Construcci\u00f3n y Eficiencia Energ\u00e9tica de INACAP Punta Arenas; y Omar Vargas Bahamonde, Gerente de Constructora Codes. Los panelistas compartieron sus perspectivas sobre la innovaci\u00f3n y abordaron estrategias para potenciar su desarrollo en la regi\u00f3n.<\/p>\n\n\n\n<p>\u201cEste tipo de instancias son muy positivas para entender que innovar no es un desaf\u00edo insuperable, sino una oportunidad para mejorar procesos, haci\u00e9ndolos m\u00e1s eficientes y sostenibles, o incluso para crear nuevos productos. No es tan complicado, especialmente porque nosotros, como CORFO, estamos dispuestos a asumir riesgos junto a ustedes, utilizando los instrumentos que tenemos para financiar sus ideas. En Magallanes, la cantidad de beneficiarios del sector construcci\u00f3n es reducida, lo que nos abre un nuevo horizonte para integrar a m\u00e1s empresas en este ecosistema regional. Les transmitimos que cualquier empresa, independientemente de su sector productivo, puede iniciar su camino hacia la innovaci\u00f3n\u201d, asegur\u00f3 Mar\u00eda Jos\u00e9 Navajas, Directora Regional de Corfo.<\/p>\n\n\n\n<p>Julio \u00c1lvarez, Director de la Carrera de Construcci\u00f3n y Eficiencia Energ\u00e9tica de INACAP Punta Arenas, asever\u00f3 que \u201cEn Magallanes, adoptamos una visi\u00f3n integral que reconoce la importancia de la innovaci\u00f3n para mantener un sector de la construcci\u00f3n sostenible. Este evento nos permiti\u00f3 conectar con diversos actores, incluyendo empresas y centros acad\u00e9micos de la regi\u00f3n, lo que refuerza el v\u00ednculo necesario para fomentar la innovaci\u00f3n. Es crucial que los estudiantes de hoy cuenten con una malla curricular que incluya asignaturas como econom\u00eda circular, construcci\u00f3n industrializada, innovaci\u00f3n y emprendimiento, entre otras, as\u00ed como actividades que estimulen su pensamiento cr\u00edtico y creativo\u201d.<\/p>\n\n\n\n<p>Como Caso de Innovaci\u00f3n Local se present\u00f3 el proyecto la reutilizaci\u00f3n de la granalla, subproducto de la limpieza de la pintura de las embarcaciones, en la elaboraci\u00f3n de hormig\u00f3n ecol\u00f3gico, en trabajo conjunto entre U. de Magallanes, ASMAR y Concremag.<\/p>\n\n\n\n<p>\u201cSe trata de tener el valor de presentar ideas, compartirlas y evaluarlas. El caso que presentamos es el resultado de un esfuerzo colaborativo entre m\u00faltiples actores que comenz\u00f3 en 2017, y hoy ya hemos alcanzado la etapa de producci\u00f3n de hormig\u00f3n reciclado\u201d, revel\u00f3 Jos\u00e9 Carlos Oyarz\u00fan, gerente t\u00e9cnico de Concremag.<\/p>\n\n\n\n<p>El encuentro finaliz\u00f3 con un taller pr\u00e1ctico, donde los asistentes intercambiaron ideas sobre c\u00f3mo potenciar la productividad en el sector de la construcci\u00f3n a trav\u00e9s de la innovaci\u00f3n.<\/p>\n\n\n\n<p>\u201cFue una excelente oportunidad para explorar c\u00f3mo Edelmag puede contribuir a la generaci\u00f3n de valor en innovaci\u00f3n y sostenibilidad en el sector de la construcci\u00f3n. En este contexto, nos enfocamos en tres aspectos clave: mejorar la eficiencia de nuestros procesos, desarrollar proyectos m\u00e1s \u00e1giles y avanzar en la digitalizaci\u00f3n de nuestros activos. Tambi\u00e9n result\u00f3 fundamental conocer los instrumentos de financiamiento que ofrece CORFO, lo que nos permitir\u00e1 postular proyectos orientados hacia la sostenibilidad e innovaci\u00f3n\u201d, se\u00f1al\u00f3 Diego D\u00edaz, Subgerente Comercial y de Servicio de Atenci\u00f3n al Cliente de Edelmag.<\/p>\n\n\n\n<p>La primera edici\u00f3n del \u201cTenemos Que Innovar\u201d en Magallanes foment\u00f3 el di\u00e1logo entre diversos actores en torno a&nbsp;<\/p>\n","protected":false},"excerpt":{"rendered":"<p>Con la presencia de actores de sectores p\u00fablico y privado y representantes del \u00e1rea acad\u00e9mica, se desarroll\u00f3 con \u00e9xito en Magallanes la primera versi\u00f3n del evento \u201cTenemos que Innovar\u201d, iniciativa&#8230; <a class=\"read-more\" href=\"https:\/\/www.radiopresidenteibanez.cl\/web\/primera-version-del-evento-tenemos-que-innovar-impulsa-la-productividad-en-el-sector-de-la-construccion-en-magallanes\/\">Leer m\u00e1s<\/a><\/p>\n","protected":false},"author":2,"featured_media":52092,"comment_status":"closed","ping_status":"closed","sticky":false,"template":"","format":"standard","meta":{"footnotes":""},"categories":[1],"tags":[],"class_list":["post-52091","post","type-post","status-publish","format-standard","has-post-thumbnail","hentry","category-cronica"],"_links":{"self":[{"href":"https:\/\/www.radiopresidenteibanez.cl\/web\/wp-json\/wp\/v2\/posts\/52091","targetHints":{"allow":["GET"]}}],"collection":[{"href":"https:\/\/www.radiopresidenteibanez.cl\/web\/wp-json\/wp\/v2\/posts"}],"about":[{"href":"https:\/\/www.radiopresidenteibanez.cl\/web\/wp-json\/wp\/v2\/types\/post"}],"author":[{"embeddable":true,"href":"https:\/\/www.radiopresidenteibanez.cl\/web\/wp-json\/wp\/v2\/users\/2"}],"replies":[{"embeddable":true,"href":"https:\/\/www.radiopresidenteibanez.cl\/web\/wp-json\/wp\/v2\/comments?post=52091"}],"version-history":[{"count":0,"href":"https:\/\/www.radiopresidenteibanez.cl\/web\/wp-json\/wp\/v2\/posts\/52091\/revisions"}],"wp:featuredmedia":[{"embeddable":true,"href":"https:\/\/www.radiopresidenteibanez.cl\/web\/wp-json\/wp\/v2\/media\/52092"}],"wp:attachment":[{"href":"https:\/\/www.radiopresidenteibanez.cl\/web\/wp-json\/wp\/v2\/media?parent=52091"}],"wp:term":[{"taxonomy":"category","embeddable":true,"href":"https:\/\/www.radiopresidenteibanez.cl\/web\/wp-json\/wp\/v2\/categories?post=52091"},{"taxonomy":"post_tag","embeddable":true,"href":"https:\/\/www.radiopresidenteibanez.cl\/web\/wp-json\/wp\/v2\/tags?post=52091"}],"curies":[{"name":"wp","href":"https:\/\/api.w.org\/{rel}","templated":true}]}}