{"id":52085,"date":"2024-10-30T12:30:00","date_gmt":"2024-10-30T15:30:00","guid":{"rendered":"https:\/\/www.radiopresidenteibanez.cl\/web\/?p=52085"},"modified":"2024-10-30T11:35:22","modified_gmt":"2024-10-30T14:35:22","slug":"comision-cisc-rpa-superviso-centro-de-justicia-juvenil-de-rio-de-los-ciervos","status":"publish","type":"post","link":"https:\/\/www.radiopresidenteibanez.cl\/web\/comision-cisc-rpa-superviso-centro-de-justicia-juvenil-de-rio-de-los-ciervos\/","title":{"rendered":"COMISI\u00d3N CISC-RPA SUPERVIS\u00d3 CENTRO DE JUSTICIA JUVENIL DE R\u00cdO DE LOS CIERVOS"},"content":{"rendered":"\n<p>Como es habitual a\u00f1o a a\u00f1o, la Comisi\u00f3n Interinstitucional de Supervisi\u00f3n de los Centros Privativos<br>de Libertad de Adolescentes (CISC RPA) realiz\u00f3 su segunda visita semestral durante 2024 al Centro<br>Privativo de Libertad de R\u00edo de Los Ciervos, administrado por el Servicio Nacional de Menores<br>(Sename). Aquella fiscalizaci\u00f3n apunta a garantizar una mejor atenci\u00f3n de los adolescentes y<br>j\u00f3venes infractores de ley que cumplen alguna medida cautelar de internaci\u00f3n provisoria o<br>sanci\u00f3n privativa de libertad.<br>All\u00ed en terreno, las y los comisionados pudieron verificar la condici\u00f3n de cinco j\u00f3venes infractores<br>de ley sujetos a internaci\u00f3n provisoria, r\u00e9gimen cerrado y semicerrado, bajo la coordinaci\u00f3n de la<br>Seremi de Justicia y Derechos Humanos, Michelle Peutat. La comisi\u00f3n tiene por objetivo asesorar<br>en el debido resguardo de los derechos de los j\u00f3venes y adolescentes, de sus condiciones de vida,<br>tanto al interior de los Centros Privativos de Libertad administrados por el Servicio Nacional de<br>Menores, como en las Secciones Juveniles de los establecimientos penitenciarios de Gendarmer\u00eda<br>de Chile.<br>La Seremi Michelle Peutat indic\u00f3 que dicha tarea se enmarca en el \u00e1mbito de acci\u00f3n de la Ley de<br>Responsabilidad Penal Adolescente (N\u00b020.084), para lo cual se debe visitar dos veces al a\u00f1o<br>aquellos establecimientos que alberguen a adolescentes o adultos que hayan sido condenados<br>cuando eran menores de 18 a\u00f1os, y que est\u00e9n cumpliendo una medida cautelar o condena. Esto,<br>en consonancia con la prioridad expresada por el Presidente Gabriel Boric, en orden a trabajar con<br>un modelo y soporte adecuados para trabajar con j\u00f3venes que han infringido la ley.<br>Agreg\u00f3 que las y los profesionales pudieron efectuar un acabado levantamiento de informaci\u00f3n<br>acerca de las condiciones de funcionamiento de cada \u00e1rea de trabajo de aquel centro dependiente<br>de Sename, tales como alimentaci\u00f3n, tratamiento de adicciones, salud, educaci\u00f3n, disciplina,<br>infraestructura trato recibido por los adolescentes, entre otras. Aquello les permiti\u00f3 formarse una<br>impresi\u00f3n general del recinto, hacer recomendaciones y revisar el cumplimiento de indicaciones<br>cursadas en semestres anteriores.<br>A nivel de instituciones, particip\u00f3 la Seremi de Justicia y DD.HH. junto al Fiscal de la Corte de<br>Apelaciones y representantes de la Defensor\u00eda Penal P\u00fablica, el Ministerio Publico, Fundaci\u00f3n<br>Opci\u00f3n, Universidad de Magallanes y Fundaci\u00f3n Esperanza.<\/p>\n","protected":false},"excerpt":{"rendered":"<p>Como es habitual a\u00f1o a a\u00f1o, la Comisi\u00f3n Interinstitucional de Supervisi\u00f3n de los Centros Privativosde Libertad de Adolescentes (CISC RPA) realiz\u00f3 su segunda visita semestral durante 2024 al CentroPrivativo de&#8230; <a class=\"read-more\" href=\"https:\/\/www.radiopresidenteibanez.cl\/web\/comision-cisc-rpa-superviso-centro-de-justicia-juvenil-de-rio-de-los-ciervos\/\">Leer m\u00e1s<\/a><\/p>\n","protected":false},"author":2,"featured_media":52086,"comment_status":"closed","ping_status":"closed","sticky":false,"template":"","format":"standard","meta":{"footnotes":""},"categories":[1],"tags":[],"class_list":["post-52085","post","type-post","status-publish","format-standard","has-post-thumbnail","hentry","category-cronica"],"_links":{"self":[{"href":"https:\/\/www.radiopresidenteibanez.cl\/web\/wp-json\/wp\/v2\/posts\/52085","targetHints":{"allow":["GET"]}}],"collection":[{"href":"https:\/\/www.radiopresidenteibanez.cl\/web\/wp-json\/wp\/v2\/posts"}],"about":[{"href":"https:\/\/www.radiopresidenteibanez.cl\/web\/wp-json\/wp\/v2\/types\/post"}],"author":[{"embeddable":true,"href":"https:\/\/www.radiopresidenteibanez.cl\/web\/wp-json\/wp\/v2\/users\/2"}],"replies":[{"embeddable":true,"href":"https:\/\/www.radiopresidenteibanez.cl\/web\/wp-json\/wp\/v2\/comments?post=52085"}],"version-history":[{"count":0,"href":"https:\/\/www.radiopresidenteibanez.cl\/web\/wp-json\/wp\/v2\/posts\/52085\/revisions"}],"wp:featuredmedia":[{"embeddable":true,"href":"https:\/\/www.radiopresidenteibanez.cl\/web\/wp-json\/wp\/v2\/media\/52086"}],"wp:attachment":[{"href":"https:\/\/www.radiopresidenteibanez.cl\/web\/wp-json\/wp\/v2\/media?parent=52085"}],"wp:term":[{"taxonomy":"category","embeddable":true,"href":"https:\/\/www.radiopresidenteibanez.cl\/web\/wp-json\/wp\/v2\/categories?post=52085"},{"taxonomy":"post_tag","embeddable":true,"href":"https:\/\/www.radiopresidenteibanez.cl\/web\/wp-json\/wp\/v2\/tags?post=52085"}],"curies":[{"name":"wp","href":"https:\/\/api.w.org\/{rel}","templated":true}]}}