{"id":52076,"date":"2024-10-30T08:32:35","date_gmt":"2024-10-30T11:32:35","guid":{"rendered":"https:\/\/www.radiopresidenteibanez.cl\/web\/?p=52076"},"modified":"2024-10-30T08:32:41","modified_gmt":"2024-10-30T11:32:41","slug":"tia-rica-de-magallanes-anuncia-nuevo-remate-fiscal-con-31-vehiculos-a-subasta","status":"publish","type":"post","link":"https:\/\/www.radiopresidenteibanez.cl\/web\/tia-rica-de-magallanes-anuncia-nuevo-remate-fiscal-con-31-vehiculos-a-subasta\/","title":{"rendered":"\u201cT\u00eda Rica\u201d de Magallanes anuncia nuevo remate fiscal con 31 vehiculos a subasta"},"content":{"rendered":"\n<p>La Direcci\u00f3n General del Cr\u00e9dito Prendario (Dicrep) -m\u00e1s conocida como la \u201cT\u00eda Rica\u201d- de Magallanes anunci\u00f3 el d\u00eda de hoy la realizaci\u00f3n de un nuevo remate online de veh\u00edculos y objetos varios fiscales y judiciales.<br>La actividad se llevar\u00e1 a cabo el jueves 07 de noviembre, a las 15:30 horas de manera virtual en la<br>que se subastar\u00e1 un total de 31 veh\u00edculos de distintas marcas, a\u00f1os y modelos, m\u00e1s 12 lotes de<br>diversas especies del mismo origen.<br>En palabras de la Seremi del Trabajo, Doris Sandoval Miranda, \u201cinformamos a la comunidad<br>magall\u00e1nica que el pr\u00f3ximo 7 de noviembre la \u201cT\u00eda Rica\u201d va a desarrollar un nuevo remate fiscal y<br>judicial. Son 47 lotes, de los cuales 31 corresponden a veh\u00edculos provenientes del mundo fiscal que<br>han sido dados de baja, porque ya cumplieron su vida \u00fatil y tambi\u00e9n algunos correspondientes a<br>medidas judiciales. El remate es de forma virtual y las personas tienen 48 horas, es decir, dos d\u00edas<br>antes para inscribirse en la p\u00e1gina de la Dicrep y as\u00ed participar de este\u201d.<br>Para ser parte del remate, las personas interesadas deben ser mayores de 18 a\u00f1os y contar con<br>clave \u00fanica para hacer la inscripci\u00f3n correspondiente, seg\u00fan explic\u00f3 el administrador regional (s)<br>de la Dicrep Magallanes, H\u00e9ctor Toledo.<br>\u201cTodos los veh\u00edculos est\u00e1n con un m\u00ednimo incorporado, van desde los 500 mil pesos hasta el m\u00e1s<br>caro que es de 4 millones, como base. Para poder participar del remate, la Dicrep solicita que las y<br>los interesados se inscriban en el sitio web www.dicrep.cl, en el banner calendario de remates,<br>inscribirse con clave \u00fanica y dejar en garant\u00eda un pago de 200 mil pesos, lo que le da fidelidad a la<br>postulaci\u00f3n y demuestra el inter\u00e9s de participar del remate. Luego de eso, se tienen 48 horas para<br>efectuar el pago de los bienes subastados\u201d, se\u00f1al\u00f3.<br>Las especies y veh\u00edculos corresponden a nueve servicios, entre los cuales est\u00e1n: la Fiscal\u00eda Local de<br>Punta Arenas, el Gobierno Regional, el Servicio de Vivienda y Urbanismo (Serviu), Gendarmer\u00eda,<br>Delegaci\u00f3n Presidencial Regional, Conaf, Servicio Agr\u00edcola y Ganadero (Sag), Servicio de Aduanas y<br>Servicio de Salud Magallanes.<\/p>\n\n\n\n<p>Otros antecedentes<br>Desde ma\u00f1ana mi\u00e9rcoles 30 de octubre las especies y veh\u00edculos a rematar estar\u00e1n disponibles<br>para visualizaci\u00f3n en el enlace https:\/\/remateonline.dicrep.cl\/auctions\/2397\/showroom. En tanto,<br>la exhibici\u00f3n presencial se efectuar\u00e1 entre el lunes 4 y el jueves 7 de noviembre, de acuerdo al<br>siguiente desglose:<\/p>\n\n\n\n<ul class=\"wp-block-list\">\n<li>Veh\u00edculos (05), FISCALIA: Barrio Industrial kil\u00f3metro 7,5 norte MAESTRANZA MUNICIPAL<br>(DE 15 A 18,00 HRS)<\/li>\n\n\n\n<li>Veh\u00edculos (02), GOBIERNO REGIONAL, DELEG PRESIDENCIAL REG,: Oficina DICREP Lautaro<br>Navarro 1024 de 09.00 a 13.00 hrs.<\/li>\n\n\n\n<li>Veh\u00edculos (01), SERVICIO DE SALUD: Hospital Regional, sector CADIS de 14.00 a 16.00 hrs<\/li>\n\n\n\n<li>Veh\u00edculos (13), CONAF Y SAG: Vivero Forestal Km. 5 \u00bd Sur de 10.00 a 12.30<\/li>\n\n\n\n<li>Veh\u00edculos (01), SEREMIA DE SALUD: Avda. Bulnes N\u00b0 0136 de 10.00 a 12.00 hrs<\/li>\n\n\n\n<li>Veh\u00edculos (01), SERVIU: Croacia N\u00b0 1423 de 09.00 A 12.30 Y de 14.30 A 16.30 HRS<\/li>\n\n\n\n<li>Veh\u00edculos (07), GENDARMERIA: Avda. Circunvalaci\u00f3n de 14.00 a 17.00 hrs.<\/li>\n\n\n\n<li>Diversas especies CONAF: Vivero Forestal Km. 5 \u00bd Sur de 10.00 a 12.30<\/li>\n\n\n\n<li>Diversas especies: FISCALIA: Oficina DICREP Lautaro Navarro 1024 de 09.00 a 13.00 hrs.<br>La garant\u00eda indicada -de 200 mil pesos- es de car\u00e1cter obligatorio para participar del remate, la cual se podr\u00e1 realizar de manera impostergable hasta el d\u00eda martes 05 de noviembre, a las 14:00 horas. Esta debe corresponder al titular inscrito, no se aceptar\u00e1n de terceros y, adem\u00e1s, esta debe ser correctamente acreditada a trav\u00e9s de transferencia electr\u00f3nica o dep\u00f3sito a nombre de la<br>Direcci\u00f3n General de Cr\u00e9dito Prendario en la cuenta corriente que ser\u00e1 indicada al momento de efectuar la inscripci\u00f3n.<br>M\u00e1s antecedentes e informaci\u00f3n en la sucursal Dicrep Punta Arenas, ubicada en calle Lautaro<br>Navarro N\u00b01024, Punta Arenas; al tel\u00e9fono 612 360 425; al Email: jborquez@dicrep.cl<br>www.dicrep.cl o Call Center 800340022 (desde celulares) y 226906900 (red fija).<\/li>\n<\/ul>\n","protected":false},"excerpt":{"rendered":"<p>La Direcci\u00f3n General del Cr\u00e9dito Prendario (Dicrep) -m\u00e1s conocida como la \u201cT\u00eda Rica\u201d- de Magallanes anunci\u00f3 el d\u00eda de hoy la realizaci\u00f3n de un nuevo remate online de veh\u00edculos y&#8230; <a class=\"read-more\" href=\"https:\/\/www.radiopresidenteibanez.cl\/web\/tia-rica-de-magallanes-anuncia-nuevo-remate-fiscal-con-31-vehiculos-a-subasta\/\">Leer m\u00e1s<\/a><\/p>\n","protected":false},"author":2,"featured_media":52077,"comment_status":"closed","ping_status":"closed","sticky":false,"template":"","format":"standard","meta":{"footnotes":""},"categories":[1],"tags":[],"class_list":["post-52076","post","type-post","status-publish","format-standard","has-post-thumbnail","hentry","category-cronica"],"_links":{"self":[{"href":"https:\/\/www.radiopresidenteibanez.cl\/web\/wp-json\/wp\/v2\/posts\/52076","targetHints":{"allow":["GET"]}}],"collection":[{"href":"https:\/\/www.radiopresidenteibanez.cl\/web\/wp-json\/wp\/v2\/posts"}],"about":[{"href":"https:\/\/www.radiopresidenteibanez.cl\/web\/wp-json\/wp\/v2\/types\/post"}],"author":[{"embeddable":true,"href":"https:\/\/www.radiopresidenteibanez.cl\/web\/wp-json\/wp\/v2\/users\/2"}],"replies":[{"embeddable":true,"href":"https:\/\/www.radiopresidenteibanez.cl\/web\/wp-json\/wp\/v2\/comments?post=52076"}],"version-history":[{"count":0,"href":"https:\/\/www.radiopresidenteibanez.cl\/web\/wp-json\/wp\/v2\/posts\/52076\/revisions"}],"wp:featuredmedia":[{"embeddable":true,"href":"https:\/\/www.radiopresidenteibanez.cl\/web\/wp-json\/wp\/v2\/media\/52077"}],"wp:attachment":[{"href":"https:\/\/www.radiopresidenteibanez.cl\/web\/wp-json\/wp\/v2\/media?parent=52076"}],"wp:term":[{"taxonomy":"category","embeddable":true,"href":"https:\/\/www.radiopresidenteibanez.cl\/web\/wp-json\/wp\/v2\/categories?post=52076"},{"taxonomy":"post_tag","embeddable":true,"href":"https:\/\/www.radiopresidenteibanez.cl\/web\/wp-json\/wp\/v2\/tags?post=52076"}],"curies":[{"name":"wp","href":"https:\/\/api.w.org\/{rel}","templated":true}]}}