{"id":52073,"date":"2024-10-29T17:39:00","date_gmt":"2024-10-29T20:39:00","guid":{"rendered":"https:\/\/www.radiopresidenteibanez.cl\/web\/?p=52073"},"modified":"2024-10-29T15:22:08","modified_gmt":"2024-10-29T18:22:08","slug":"delegado-guillermo-ruiz-santana-lidera-4o-plenario-de-servicios-publicos-para-fortalecer-la-coordinacion-en-ultima-esperanza","status":"publish","type":"post","link":"https:\/\/www.radiopresidenteibanez.cl\/web\/delegado-guillermo-ruiz-santana-lidera-4o-plenario-de-servicios-publicos-para-fortalecer-la-coordinacion-en-ultima-esperanza\/","title":{"rendered":"DELEGADO GUILLERMO RUIZ SANTANA LIDERA 4\u00ba PLENARIO DE SERVICIOS P\u00daBLICOS PARA FORTALECER LA COORDINACI\u00d3N EN \u00daLTIMA ESPERANZA"},"content":{"rendered":"\n<p>Este lunes, el delegado Guillermo Ruiz Santana dirigi\u00f3 el 4\u00ba plenario de servicios p\u00fablicos, una instancia fundamental que reuni\u00f3 a las jefas y jefes de organismos que operan en la provincia. Este encuentro tuvo como objetivo principal fortalecer la coordinaci\u00f3n bajo los ejes estrat\u00e9gicos del Gobierno, reconociendo que una colaboraci\u00f3n efectiva entre los servicios p\u00fablicos y la delegaci\u00f3n es crucial para abordar las necesidades y preocupaciones de la comunidad.<\/p>\n\n\n\n<p>La cooperaci\u00f3n entre estas entidades no solo optimiza la gesti\u00f3n de recursos, sino que tambi\u00e9n potencia la capacidad de respuesta ante las demandas ciudadanas, garantizando as\u00ed un servicio m\u00e1s eficaz y accesible. Esta colaboraci\u00f3n permite que los servicios se alineen con las prioridades locales, lo que a su vez genera un impacto positivo en la calidad de vida de las y los habitantes de la provincia.<\/p>\n\n\n\n<p>En la oportunidad, estuvo invitada la Agrupaci\u00f3n Asperger Natales, donde su presidenta Filomena Antilef expuso c\u00f3mo identificar a personas con trastorno del espectro autista (TEA) y la importancia de atenderlas con empat\u00eda y respeto. En su presentaci\u00f3n, enfatiz\u00f3 que cada persona con TEA es \u00fanica y merece un enfoque adaptado a sus necesidades, destacando la relevancia de crear entornos inclusivos en los servicios p\u00fablicos.<\/p>\n\n\n\n<p>\u00abEste plenario es una muestra del compromiso que tenemos junto a los servicios p\u00fablicos de trabajar en conjunto para responder a las necesidades de nuestra comunidad de manera coordinada y eficiente,\u00bb se\u00f1al\u00f3 el delegado. Luego recalc\u00f3 que, \u00aba colaboraci\u00f3n entre nuestras instituciones es fundamental para que los recursos lleguen efectivamente a quienes los necesitan, mejorando as\u00ed la calidad de vida de las personas en \u00daltima Esperanza.\u00bb<\/p>\n\n\n\n<p>Respecto a la presentaci\u00f3n de la Agrupaci\u00f3n Asperger, el delegado dijo que, \u00abes fundamental que los servicios p\u00fablicos comprendan y respeten la diversidad de nuestra comunidad, incluyendo a las personas con TEA, ya que la empat\u00eda y el respeto en la atenci\u00f3n son clave para garantizar entornos inclusivos, donde cada persona, independientemente de sus necesidades, reciba un trato digno y adaptado a su realidad.\u00bb<\/p>\n","protected":false},"excerpt":{"rendered":"<p>Este lunes, el delegado Guillermo Ruiz Santana dirigi\u00f3 el 4\u00ba plenario de servicios p\u00fablicos, una instancia fundamental que reuni\u00f3 a las jefas y jefes de organismos que operan en la&#8230; <a class=\"read-more\" href=\"https:\/\/www.radiopresidenteibanez.cl\/web\/delegado-guillermo-ruiz-santana-lidera-4o-plenario-de-servicios-publicos-para-fortalecer-la-coordinacion-en-ultima-esperanza\/\">Leer m\u00e1s<\/a><\/p>\n","protected":false},"author":2,"featured_media":52074,"comment_status":"closed","ping_status":"closed","sticky":false,"template":"","format":"standard","meta":{"footnotes":""},"categories":[1],"tags":[],"class_list":["post-52073","post","type-post","status-publish","format-standard","has-post-thumbnail","hentry","category-cronica"],"_links":{"self":[{"href":"https:\/\/www.radiopresidenteibanez.cl\/web\/wp-json\/wp\/v2\/posts\/52073","targetHints":{"allow":["GET"]}}],"collection":[{"href":"https:\/\/www.radiopresidenteibanez.cl\/web\/wp-json\/wp\/v2\/posts"}],"about":[{"href":"https:\/\/www.radiopresidenteibanez.cl\/web\/wp-json\/wp\/v2\/types\/post"}],"author":[{"embeddable":true,"href":"https:\/\/www.radiopresidenteibanez.cl\/web\/wp-json\/wp\/v2\/users\/2"}],"replies":[{"embeddable":true,"href":"https:\/\/www.radiopresidenteibanez.cl\/web\/wp-json\/wp\/v2\/comments?post=52073"}],"version-history":[{"count":0,"href":"https:\/\/www.radiopresidenteibanez.cl\/web\/wp-json\/wp\/v2\/posts\/52073\/revisions"}],"wp:featuredmedia":[{"embeddable":true,"href":"https:\/\/www.radiopresidenteibanez.cl\/web\/wp-json\/wp\/v2\/media\/52074"}],"wp:attachment":[{"href":"https:\/\/www.radiopresidenteibanez.cl\/web\/wp-json\/wp\/v2\/media?parent=52073"}],"wp:term":[{"taxonomy":"category","embeddable":true,"href":"https:\/\/www.radiopresidenteibanez.cl\/web\/wp-json\/wp\/v2\/categories?post=52073"},{"taxonomy":"post_tag","embeddable":true,"href":"https:\/\/www.radiopresidenteibanez.cl\/web\/wp-json\/wp\/v2\/tags?post=52073"}],"curies":[{"name":"wp","href":"https:\/\/api.w.org\/{rel}","templated":true}]}}