{"id":5207,"date":"2019-06-20T15:44:43","date_gmt":"2019-06-20T15:44:43","guid":{"rendered":"http:\/\/www.radiopresidenteibanez.cl\/web\/?p=5207"},"modified":"2019-06-20T15:45:17","modified_gmt":"2019-06-20T15:45:17","slug":"feliz-cumpleanos-porvenir-daniela-retamales-faundez-fue-elegida-nueva-reina-de-porvenir-ano-2019","status":"publish","type":"post","link":"https:\/\/www.radiopresidenteibanez.cl\/web\/feliz-cumpleanos-porvenir-daniela-retamales-faundez-fue-elegida-nueva-reina-de-porvenir-ano-2019\/","title":{"rendered":"FELIZ CUMPLEA\u00d1OS PORVENIR: DANIELA RETAMALES FAUNDEZ, FUE ELEGIDA NUEVA REINA DE PORVENIR A\u00d1O 2019"},"content":{"rendered":"\n<p>La\njoven estudiante de tercer a\u00f1o medio del liceo Hernando de Magallanes, Daniela\nRetamales Faundez de 16 a\u00f1os, fue elegida como la nueva reina de Porvenir, en\nla velada de gala programada por el 125\u00b0 aniversario de la fundaci\u00f3n de nuestra\nciudad. El evento realizado en el gimnasio del Liceo Polivalente Hernando de\nMagallanes, congreg\u00f3, en primer lugar la presentaci\u00f3n de las cinco candidatas a\nsoberana y luego dio paso a la notable presentaci\u00f3n del humorista Dino Gordillo,\nquien causo carcajadas por los m\u00e1s de 700 asistentes que llenaron el recinto.<\/p>\n\n\n\n<p>Luego\nse exhibi\u00f3 un video con la trayectoria de los ciudadanos que fueron destacados,\nlos cuales fueron llamados al escenario, donde la alcaldesa Marisol Andrade\nC\u00e1rdenas y los concejales le fueron entregando las distinciones. El primero en\nser galardonado fue el joven deportista destacado, Alexis Almonacid Culun, por\nsus importantes logros en el motocr\u00f3s,<\/p>\n\n\n\n<p>Luego\nse distingui\u00f3 a Bernardita Millar Vargas como gestora cultural destacada,\ncontinuaron los reconocimientos con Judith Pardo P\u00e9rez, la empresa Bakkavor, el\nclub de radios aficionado y aventura 4&#215;4 Team 16, y finalmente se dio a conocer\nel nombre de la hija ilustre de este a\u00f1o distinci\u00f3n que obtuvo Mar\u00eda Oriabel\n\u00c1guila Barr\u00eda.<\/p>\n\n\n\n<p>En la fase de elecci\u00f3n de la nueva reina, se comenz\u00f3 con el voto a la candidata m\u00e1s popular, que recay\u00f3 en Fanny Ilnao; luego, mejor compa\u00f1era fue electa por sus pares, Monserrat Vera; sigui\u00f3 con la primera virreina, que favoreci\u00f3 a Alexandra Ampuero; y segunda virreina fue elegida Gabriela Arrizaga. El momento c\u00falmine fue el nombramiento por parte del animador Patricio Mladinic, de la nueva soberana, Daniela Retamales, quien fue coronada por la jefa comunal junto a la reina de 2018 Katalina Morales, y el presidente del Core Tolentino Soto, en una elecci\u00f3n ampliamente aprobada por el numeroso p\u00fablico que asisti\u00f3 a la velada art\u00edstica del cumplea\u00f1os de Porvenir.<\/p>\n\n\n\n<figure class=\"wp-block-image\"><img loading=\"lazy\" decoding=\"async\" width=\"900\" height=\"506\" src=\"https:\/\/www.radiopresidenteibanez.cl\/web\/wp-content\/uploads\/2019\/06\/IMG_0947.jpg\" alt=\"\" class=\"wp-image-5208\" srcset=\"https:\/\/www.radiopresidenteibanez.cl\/web\/wp-content\/uploads\/2019\/06\/IMG_0947.jpg 900w, https:\/\/www.radiopresidenteibanez.cl\/web\/wp-content\/uploads\/2019\/06\/IMG_0947-300x169.jpg 300w, https:\/\/www.radiopresidenteibanez.cl\/web\/wp-content\/uploads\/2019\/06\/IMG_0947-768x432.jpg 768w\" sizes=\"auto, (max-width: 900px) 100vw, 900px\" \/><\/figure>\n","protected":false},"excerpt":{"rendered":"<p>La joven estudiante de tercer a\u00f1o medio del liceo Hernando de Magallanes, Daniela Retamales Faundez de 16 a\u00f1os, fue elegida como la nueva reina de Porvenir, en la velada de&#8230; <a class=\"read-more\" href=\"https:\/\/www.radiopresidenteibanez.cl\/web\/feliz-cumpleanos-porvenir-daniela-retamales-faundez-fue-elegida-nueva-reina-de-porvenir-ano-2019\/\">Leer m\u00e1s<\/a><\/p>\n","protected":false},"author":2,"featured_media":5208,"comment_status":"closed","ping_status":"closed","sticky":false,"template":"","format":"standard","meta":{"footnotes":""},"categories":[1],"tags":[],"class_list":["post-5207","post","type-post","status-publish","format-standard","has-post-thumbnail","hentry","category-cronica"],"_links":{"self":[{"href":"https:\/\/www.radiopresidenteibanez.cl\/web\/wp-json\/wp\/v2\/posts\/5207","targetHints":{"allow":["GET"]}}],"collection":[{"href":"https:\/\/www.radiopresidenteibanez.cl\/web\/wp-json\/wp\/v2\/posts"}],"about":[{"href":"https:\/\/www.radiopresidenteibanez.cl\/web\/wp-json\/wp\/v2\/types\/post"}],"author":[{"embeddable":true,"href":"https:\/\/www.radiopresidenteibanez.cl\/web\/wp-json\/wp\/v2\/users\/2"}],"replies":[{"embeddable":true,"href":"https:\/\/www.radiopresidenteibanez.cl\/web\/wp-json\/wp\/v2\/comments?post=5207"}],"version-history":[{"count":0,"href":"https:\/\/www.radiopresidenteibanez.cl\/web\/wp-json\/wp\/v2\/posts\/5207\/revisions"}],"wp:featuredmedia":[{"embeddable":true,"href":"https:\/\/www.radiopresidenteibanez.cl\/web\/wp-json\/wp\/v2\/media\/5208"}],"wp:attachment":[{"href":"https:\/\/www.radiopresidenteibanez.cl\/web\/wp-json\/wp\/v2\/media?parent=5207"}],"wp:term":[{"taxonomy":"category","embeddable":true,"href":"https:\/\/www.radiopresidenteibanez.cl\/web\/wp-json\/wp\/v2\/categories?post=5207"},{"taxonomy":"post_tag","embeddable":true,"href":"https:\/\/www.radiopresidenteibanez.cl\/web\/wp-json\/wp\/v2\/tags?post=5207"}],"curies":[{"name":"wp","href":"https:\/\/api.w.org\/{rel}","templated":true}]}}