{"id":52057,"date":"2024-10-29T11:21:00","date_gmt":"2024-10-29T14:21:00","guid":{"rendered":"https:\/\/www.radiopresidenteibanez.cl\/web\/?p=52057"},"modified":"2024-10-29T09:53:54","modified_gmt":"2024-10-29T12:53:54","slug":"serpat-impulsa-estudio-regional-sobre-patrimonio-y-diversidades-sexuales-y-de-genero","status":"publish","type":"post","link":"https:\/\/www.radiopresidenteibanez.cl\/web\/serpat-impulsa-estudio-regional-sobre-patrimonio-y-diversidades-sexuales-y-de-genero\/","title":{"rendered":"Serpat impulsa estudio regional sobre\u00a0Patrimonio y Diversidades Sexuales y de G\u00e9nero"},"content":{"rendered":"\n<p>En el marco del trabajo anual del Grupo Regional de G\u00e9nero, integrado por representantes de las diferentes unidades de la Direcci\u00f3n Regional del Servicio del Patrimonio Cultural (Serpat), se&nbsp;est\u00e1 desarrollando un estudio sobre patrimonio y&nbsp;diversidades sexuales y de g\u00e9nero.&nbsp;A cargo de los profesionales Alfonso Leyton y Tamara Zamorano, la investigaci\u00f3n espera contactar a las distintas organizaciones de la&nbsp;diversidad presentes en la regi\u00f3n, as\u00ed como tambi\u00e9n con personas que identific\u00e1ndose desde las diversidades, desarrollen actividades en torno al patrimonio&nbsp;cultural.&nbsp;&nbsp;El objetivo de la iniciativa es&nbsp;\u201cfortalecer los procesos de reconocimiento patrimonial y de construcci\u00f3n de memorias, por medio del desarrollo de modelos de participaci\u00f3n pertinente a los contextos socioculturales, con la finalidad de visualizar y resguardar la diversidad cultural del pa\u00eds\u201d. Para ello, se est\u00e1n desplegando una serie de&nbsp;acciones para caracterizar e incluir a las personas gestoras y\/o activistas y colectivos de diversidad sexual presentes en la regi\u00f3n, con la finalidad de generar propuestas inclusivas para su protecci\u00f3n y valoraci\u00f3n.&nbsp;En consecuencia, la Direcci\u00f3n Regional del Serpat invita a completar un formulario online&nbsp;<\/p>\n\n\n\n<p><a href=\"https:\/\/docs.google.com\/forms\/d\/e\/1FAIpQLSfvTMFPC6YEWECfwGXvt4pocZQ1Ov3aDGXlDUmqaK-1Bv5chg\/viewform\" rel=\"noreferrer noopener\" target=\"_blank\">https:\/\/docs.google.com\/forms\/d\/e\/1FAIpQLSfvTMFPC6YEWECfwGXvt4pocZQ1Ov3aDGXlDUmqaK-1Bv5chg\/viewform<\/a>&nbsp;a partir de&nbsp;cuyos datos se&nbsp;establecer\u00e1 el primer contacto. Se recabar\u00e1n datos hasta el pr\u00f3ximo 15 de noviembre.&nbsp;Quienes est\u00e9n interesados en participar, pueden contactarse tambi\u00e9n de manera directa al correo&nbsp;<\/p>\n\n\n\n<p><a href=\"mailto:patrimoniodiverso@gmail.com\" rel=\"noreferrer noopener\" target=\"_blank\">patrimoniodiverso@gmail.com<\/a><\/p>\n","protected":false},"excerpt":{"rendered":"<p>En el marco del trabajo anual del Grupo Regional de G\u00e9nero, integrado por representantes de las diferentes unidades de la Direcci\u00f3n Regional del Servicio del Patrimonio Cultural (Serpat), se&nbsp;est\u00e1 desarrollando&#8230; <a class=\"read-more\" href=\"https:\/\/www.radiopresidenteibanez.cl\/web\/serpat-impulsa-estudio-regional-sobre-patrimonio-y-diversidades-sexuales-y-de-genero\/\">Leer m\u00e1s<\/a><\/p>\n","protected":false},"author":2,"featured_media":52058,"comment_status":"closed","ping_status":"closed","sticky":false,"template":"","format":"standard","meta":{"footnotes":""},"categories":[1],"tags":[],"class_list":["post-52057","post","type-post","status-publish","format-standard","has-post-thumbnail","hentry","category-cronica"],"_links":{"self":[{"href":"https:\/\/www.radiopresidenteibanez.cl\/web\/wp-json\/wp\/v2\/posts\/52057","targetHints":{"allow":["GET"]}}],"collection":[{"href":"https:\/\/www.radiopresidenteibanez.cl\/web\/wp-json\/wp\/v2\/posts"}],"about":[{"href":"https:\/\/www.radiopresidenteibanez.cl\/web\/wp-json\/wp\/v2\/types\/post"}],"author":[{"embeddable":true,"href":"https:\/\/www.radiopresidenteibanez.cl\/web\/wp-json\/wp\/v2\/users\/2"}],"replies":[{"embeddable":true,"href":"https:\/\/www.radiopresidenteibanez.cl\/web\/wp-json\/wp\/v2\/comments?post=52057"}],"version-history":[{"count":0,"href":"https:\/\/www.radiopresidenteibanez.cl\/web\/wp-json\/wp\/v2\/posts\/52057\/revisions"}],"wp:featuredmedia":[{"embeddable":true,"href":"https:\/\/www.radiopresidenteibanez.cl\/web\/wp-json\/wp\/v2\/media\/52058"}],"wp:attachment":[{"href":"https:\/\/www.radiopresidenteibanez.cl\/web\/wp-json\/wp\/v2\/media?parent=52057"}],"wp:term":[{"taxonomy":"category","embeddable":true,"href":"https:\/\/www.radiopresidenteibanez.cl\/web\/wp-json\/wp\/v2\/categories?post=52057"},{"taxonomy":"post_tag","embeddable":true,"href":"https:\/\/www.radiopresidenteibanez.cl\/web\/wp-json\/wp\/v2\/tags?post=52057"}],"curies":[{"name":"wp","href":"https:\/\/api.w.org\/{rel}","templated":true}]}}