{"id":5204,"date":"2019-06-20T15:40:37","date_gmt":"2019-06-20T15:40:37","guid":{"rendered":"http:\/\/www.radiopresidenteibanez.cl\/web\/?p=5204"},"modified":"2019-06-20T15:40:51","modified_gmt":"2019-06-20T15:40:51","slug":"proyecto-de-la-senadora-goic-dara-derecho-de-atencion-preferente-de-salud-para-adultos-mayores-y-discapacitados","status":"publish","type":"post","link":"https:\/\/www.radiopresidenteibanez.cl\/web\/proyecto-de-la-senadora-goic-dara-derecho-de-atencion-preferente-de-salud-para-adultos-mayores-y-discapacitados\/","title":{"rendered":"PROYECTO DE LA SENADORA GOIC DAR\u00c1 DERECHO DE ATENCI\u00d3N PREFERENTE DE SALUD PARA ADULTOS MAYORES Y DISCAPACITADOS"},"content":{"rendered":"\n<p>Terminar con las largas esperas para recibir un medicamento\no para tener una atenci\u00f3n de salud, est\u00e1 cada d\u00eda m\u00e1s cerca de convertirse en\nuna realidad luego que la Sala del Senado aprobara por unanimidad el informe de\nla Comisi\u00f3n Mixta sobre el proyecto que consagra el derecho de atenci\u00f3n\npreferente para los adultos mayores y discapacitados, tanto en el sector p\u00fablico\ncomo privado.<\/p>\n\n\n\n<p>As\u00ed lo se\u00f1al\u00f3 la senadora Carolina Goic autora de la\niniciativa, quien expres\u00f3 que s\u00f3lo resta que la C\u00e1mara de Diputados se\npronuncie sobre la iniciativa para que \u00e9sta sea despachada por el Congreso y\nquede en condiciones de convertirse en ley, la cual pretende garantizar que\ntoda persona mayor de 60 a\u00f1os, as\u00ed como las personas en situaci\u00f3n de\ndiscapacidad, tengan derecho a ser atendidos preferente y oportunamente por\ncualquier tipo de prestador de acciones de salud, sea p\u00fablico o privado.<\/p>\n\n\n\n<p>La parlamentaria magall\u00e1nica agreg\u00f3 que esta atenci\u00f3n\npreferente y oportuna consistir\u00e1, entre otros beneficios, en la entrega de\nn\u00famero para la solicitud de d\u00eda y hora de atenci\u00f3n; en la asignaci\u00f3n\nprioritaria para la consulta de salud de urgencia; en la emisi\u00f3n y gesti\u00f3n de\nla receta m\u00e9dica respectiva; en la entrega de n\u00famero para la dispensaci\u00f3n de\nmedicamentos en la farmacia; en la dispensaci\u00f3n de medicamentos en la farmacia;\nen la preferencia de toma de ex\u00e1menes o procedimientos m\u00e1s complejos.<\/p>\n\n\n\n<p>La senadora Goic valor\u00f3 esta iniciativa se\u00f1alando que permitir\u00e1 dignificar la atenci\u00f3n, llegar a tiempo con los adultos mayores y tener un mejor trato. Advirti\u00f3 que se debe avanzar en otras medidas como entregar medicamentos a domicilio en casos espec\u00edficos.<\/p>\n\n\n\n<figure class=\"wp-block-image\"><img loading=\"lazy\" decoding=\"async\" width=\"900\" height=\"587\" src=\"https:\/\/www.radiopresidenteibanez.cl\/web\/wp-content\/uploads\/2019\/06\/senadora-goic-adultos-mayores.jpg\" alt=\"\" class=\"wp-image-5205\" srcset=\"https:\/\/www.radiopresidenteibanez.cl\/web\/wp-content\/uploads\/2019\/06\/senadora-goic-adultos-mayores.jpg 900w, https:\/\/www.radiopresidenteibanez.cl\/web\/wp-content\/uploads\/2019\/06\/senadora-goic-adultos-mayores-300x196.jpg 300w, https:\/\/www.radiopresidenteibanez.cl\/web\/wp-content\/uploads\/2019\/06\/senadora-goic-adultos-mayores-768x501.jpg 768w\" sizes=\"auto, (max-width: 900px) 100vw, 900px\" \/><\/figure>\n","protected":false},"excerpt":{"rendered":"<p>Terminar con las largas esperas para recibir un medicamento o para tener una atenci\u00f3n de salud, est\u00e1 cada d\u00eda m\u00e1s cerca de convertirse en una realidad luego que la Sala&#8230; <a class=\"read-more\" href=\"https:\/\/www.radiopresidenteibanez.cl\/web\/proyecto-de-la-senadora-goic-dara-derecho-de-atencion-preferente-de-salud-para-adultos-mayores-y-discapacitados\/\">Leer m\u00e1s<\/a><\/p>\n","protected":false},"author":2,"featured_media":5205,"comment_status":"closed","ping_status":"closed","sticky":false,"template":"","format":"standard","meta":{"footnotes":""},"categories":[1],"tags":[],"class_list":["post-5204","post","type-post","status-publish","format-standard","has-post-thumbnail","hentry","category-cronica"],"_links":{"self":[{"href":"https:\/\/www.radiopresidenteibanez.cl\/web\/wp-json\/wp\/v2\/posts\/5204","targetHints":{"allow":["GET"]}}],"collection":[{"href":"https:\/\/www.radiopresidenteibanez.cl\/web\/wp-json\/wp\/v2\/posts"}],"about":[{"href":"https:\/\/www.radiopresidenteibanez.cl\/web\/wp-json\/wp\/v2\/types\/post"}],"author":[{"embeddable":true,"href":"https:\/\/www.radiopresidenteibanez.cl\/web\/wp-json\/wp\/v2\/users\/2"}],"replies":[{"embeddable":true,"href":"https:\/\/www.radiopresidenteibanez.cl\/web\/wp-json\/wp\/v2\/comments?post=5204"}],"version-history":[{"count":0,"href":"https:\/\/www.radiopresidenteibanez.cl\/web\/wp-json\/wp\/v2\/posts\/5204\/revisions"}],"wp:featuredmedia":[{"embeddable":true,"href":"https:\/\/www.radiopresidenteibanez.cl\/web\/wp-json\/wp\/v2\/media\/5205"}],"wp:attachment":[{"href":"https:\/\/www.radiopresidenteibanez.cl\/web\/wp-json\/wp\/v2\/media?parent=5204"}],"wp:term":[{"taxonomy":"category","embeddable":true,"href":"https:\/\/www.radiopresidenteibanez.cl\/web\/wp-json\/wp\/v2\/categories?post=5204"},{"taxonomy":"post_tag","embeddable":true,"href":"https:\/\/www.radiopresidenteibanez.cl\/web\/wp-json\/wp\/v2\/tags?post=5204"}],"curies":[{"name":"wp","href":"https:\/\/api.w.org\/{rel}","templated":true}]}}