{"id":5201,"date":"2019-06-20T15:35:32","date_gmt":"2019-06-20T15:35:32","guid":{"rendered":"http:\/\/www.radiopresidenteibanez.cl\/web\/?p=5201"},"modified":"2019-06-20T15:36:16","modified_gmt":"2019-06-20T15:36:16","slug":"civicamente-llega-a-los-colegios-municipales-de-punta-arenas-para-fortalecer-la-educacion-civica-y-la-responsabilidad-ciudadana","status":"publish","type":"post","link":"https:\/\/www.radiopresidenteibanez.cl\/web\/civicamente-llega-a-los-colegios-municipales-de-punta-arenas-para-fortalecer-la-educacion-civica-y-la-responsabilidad-ciudadana\/","title":{"rendered":"\u201cC\u00cdVICAMENTE\u201d LLEGA A LOS COLEGIOS MUNICIPALES DE PUNTA ARENAS PARA FORTALECER LA EDUCACI\u00d3N C\u00cdVICA Y LA RESPONSABILIDAD CIUDADANA"},"content":{"rendered":"\n<p>\u201cLa falta de uniformidad y de institucionalizaci\u00f3n en la ense\u00f1anza de la educaci\u00f3n c\u00edvica y formaci\u00f3n ciudadana, son dos elementos que aumentan las brechas educativas y sociales. Hoy, si algo se hace, depende en gran medida de iniciativas individuales de docentes que manifiestan inter\u00e9s. Con C\u00edvicamente, los estudiantes acceder\u00e1n al mismo contenido, independiente del lugar donde estudien\u201d, explic\u00f3 el alcalde Claudio Radonich, quien particip\u00f3 de la presentaci\u00f3n de la plataforma en el Liceo Juan Bautista Contardi durante esta ma\u00f1ana.<\/p>\n\n\n\n<p>C\u00edvicamente es una herramienta multimedia dedicada precisamente a la ense\u00f1anza de la educaci\u00f3n c\u00edvica, formaci\u00f3n ciudadana y educaci\u00f3n financiera, permitiendo a los profesores ense\u00f1ar, y a los alumnos aprender, de manera f\u00e1cil y divertida. Actualmente, m\u00e1s de 80 colegios a lo largo del pa\u00eds han incorporado esta pionera y atractiva metodolog\u00eda, la cual desde hoy se suma en Punta Arenas.<\/p>\n\n\n\n<p>Radonich manifest\u00f3 adem\u00e1s que \u201ces importante empoderar a los ni\u00f1os y darles conocimiento, para que sepan que existen derechos pero tambi\u00e9n deberes, y as\u00ed formar buenos ciudadanos. Estamos invirtiendo en una herramienta innovadora y entretenida, una plataforma digital para ense\u00f1ar y aprender educaci\u00f3n c\u00edvica en los colegios\u201d.<\/p>\n\n\n\n<p>Finalmente, Cristi\u00e1n Reveco, jefe del \u00e1rea de Educaci\u00f3n de la Cormupa, agreg\u00f3 que \u201clo que pretendemos a concretar una formaci\u00f3n a trav\u00e9s de un sistema de juegos, videos, lecturas y otras herramientas que son complementarias, las cuales se suman al curr\u00edculo establecido. La idea es que todos los establecimientos municipales puedan acceder a la plataforma por medio de un lenguaje comprensivo, con recursos visuales atractivos y formar una base de conocimiento que pueden compartir y mejorar\u201d.<\/p>\n\n\n\n<figure class=\"wp-block-image\"><img loading=\"lazy\" decoding=\"async\" width=\"900\" height=\"600\" src=\"https:\/\/www.radiopresidenteibanez.cl\/web\/wp-content\/uploads\/2019\/06\/DSC_8947.jpg\" alt=\"\" class=\"wp-image-5202\" srcset=\"https:\/\/www.radiopresidenteibanez.cl\/web\/wp-content\/uploads\/2019\/06\/DSC_8947.jpg 900w, https:\/\/www.radiopresidenteibanez.cl\/web\/wp-content\/uploads\/2019\/06\/DSC_8947-300x200.jpg 300w, https:\/\/www.radiopresidenteibanez.cl\/web\/wp-content\/uploads\/2019\/06\/DSC_8947-768x512.jpg 768w\" sizes=\"auto, (max-width: 900px) 100vw, 900px\" \/><\/figure>\n","protected":false},"excerpt":{"rendered":"<p>\u201cLa falta de uniformidad y de institucionalizaci\u00f3n en la ense\u00f1anza de la educaci\u00f3n c\u00edvica y formaci\u00f3n ciudadana, son dos elementos que aumentan las brechas educativas y sociales. Hoy, si algo&#8230; <a class=\"read-more\" href=\"https:\/\/www.radiopresidenteibanez.cl\/web\/civicamente-llega-a-los-colegios-municipales-de-punta-arenas-para-fortalecer-la-educacion-civica-y-la-responsabilidad-ciudadana\/\">Leer m\u00e1s<\/a><\/p>\n","protected":false},"author":2,"featured_media":5202,"comment_status":"closed","ping_status":"closed","sticky":false,"template":"","format":"standard","meta":{"footnotes":""},"categories":[1],"tags":[],"class_list":["post-5201","post","type-post","status-publish","format-standard","has-post-thumbnail","hentry","category-cronica"],"_links":{"self":[{"href":"https:\/\/www.radiopresidenteibanez.cl\/web\/wp-json\/wp\/v2\/posts\/5201","targetHints":{"allow":["GET"]}}],"collection":[{"href":"https:\/\/www.radiopresidenteibanez.cl\/web\/wp-json\/wp\/v2\/posts"}],"about":[{"href":"https:\/\/www.radiopresidenteibanez.cl\/web\/wp-json\/wp\/v2\/types\/post"}],"author":[{"embeddable":true,"href":"https:\/\/www.radiopresidenteibanez.cl\/web\/wp-json\/wp\/v2\/users\/2"}],"replies":[{"embeddable":true,"href":"https:\/\/www.radiopresidenteibanez.cl\/web\/wp-json\/wp\/v2\/comments?post=5201"}],"version-history":[{"count":0,"href":"https:\/\/www.radiopresidenteibanez.cl\/web\/wp-json\/wp\/v2\/posts\/5201\/revisions"}],"wp:featuredmedia":[{"embeddable":true,"href":"https:\/\/www.radiopresidenteibanez.cl\/web\/wp-json\/wp\/v2\/media\/5202"}],"wp:attachment":[{"href":"https:\/\/www.radiopresidenteibanez.cl\/web\/wp-json\/wp\/v2\/media?parent=5201"}],"wp:term":[{"taxonomy":"category","embeddable":true,"href":"https:\/\/www.radiopresidenteibanez.cl\/web\/wp-json\/wp\/v2\/categories?post=5201"},{"taxonomy":"post_tag","embeddable":true,"href":"https:\/\/www.radiopresidenteibanez.cl\/web\/wp-json\/wp\/v2\/tags?post=5201"}],"curies":[{"name":"wp","href":"https:\/\/api.w.org\/{rel}","templated":true}]}}