{"id":51981,"date":"2024-10-25T08:55:46","date_gmt":"2024-10-25T11:55:46","guid":{"rendered":"https:\/\/www.radiopresidenteibanez.cl\/web\/?p=51981"},"modified":"2024-10-25T08:55:50","modified_gmt":"2024-10-25T11:55:50","slug":"ministra-orellana-inaugura-el-primer-centro-de-atencion-especializada-en-violencias-de-genero-en-la-region-de-magallanes","status":"publish","type":"post","link":"https:\/\/www.radiopresidenteibanez.cl\/web\/ministra-orellana-inaugura-el-primer-centro-de-atencion-especializada-en-violencias-de-genero-en-la-region-de-magallanes\/","title":{"rendered":"Ministra Orellana inaugura el primer Centro de Atenci\u00f3n Especializada en Violencias de G\u00e9nero en la regi\u00f3n de Magallanes"},"content":{"rendered":"\n<p>Con el objetivo de seguir en el camino de la prevenci\u00f3n de la violencia contra de las mujeres y<br>restituir los derechos y la autonom\u00eda de quienes han vivido estos episodios; esta jornada se<br>inaugur\u00f3 el Centro de Atenci\u00f3n Especializada en Violencias de G\u00e9nero de Magallanes.<br>El recinto, ubicado en Punta Arenas, es el primero de este tipo en la regi\u00f3n y ofrecer\u00e1 prestaciones<br>especializadas y con sentido reparatorio a las mujeres de la zona que as\u00ed lo requieran. Entre ellas,<br>se encuentran tanto atenci\u00f3n psicol\u00f3gica y social, como tambi\u00e9n acompa\u00f1amiento y<br>representaci\u00f3n jur\u00eddica para promover el acceso a la justicia, y coordinaci\u00f3n con redes<br>comunitarias e institucionales.<br>Seg\u00fan detall\u00f3 la ministra de la Mujer y la Equidad de G\u00e9nero, Antonia Orellana, este Centro est\u00e1<br>dise\u00f1ado para atender delitos complejos, como femicidio frustrado o lesiones graves en contexto<br>de violencia intrafamiliar. \u201cEsto nos permite entregar un acompa\u00f1amiento m\u00e1s oportuno, pero<br>tambi\u00e9n completar de mejor forma el circuito de protecci\u00f3n al especializar la atenci\u00f3n y optimizar<br>los tiempos de atenci\u00f3n. As\u00ed, buscamos dar un seguimiento m\u00e1s personalizado\u201d, indic\u00f3.<br>En ese sentido, el recinto inaugurado en Punta Arenas se enmarca dentro de la reformulaci\u00f3n del<br>\u201cPrograma de Atenci\u00f3n, Protecci\u00f3n y Reparaci\u00f3n en Violencia Contra las Mujeres\u201d. As\u00ed, con su<br>instalaci\u00f3n, 13 regiones de Chile ya cuentan con un Centro de Atenci\u00f3n Especializada en Violencias<br>de G\u00e9nero.<br>\u201cLa violencia en contra de las mujeres es uno de los principales problemas de seguridad p\u00fablica de<br>la regi\u00f3n de Magallanes. Es por eso que este Centro cumple con el compromiso del presidente<br>Gabriel Boric de descentralizar la atenci\u00f3n, llegando a cada rinc\u00f3n del pa\u00eds con una oferta<br>program\u00e1tica reparadora clave para atender a la diversidad de mujeres sobrevivientes de<br>violencia\u201d, sostuvo Orellana.<br>Por su parte, la directora nacional del Servicio Nacional de la Mujer y la Equidad de G\u00e9nero,<br>Priscilla Carrasco, valor\u00f3 la apertura de este Centro, indicando que se trata de un hito muy<br>relevante, porque permite \u201cresignificar lo que implica ser v\u00edctima de un delito tan grave, a trav\u00e9s<br>de un acompa\u00f1amiento integral. M\u00e1s de 130 mujeres se van a poder atender en este espacio en<\/p>\n\n\n\n<p>Punta Arenas, con un nivel especializado de atenci\u00f3n y esperamos seguir d\u00e1ndole continuidad<br>a&nbsp;este&nbsp;trabajo\u00bb.<br>Coordinaci\u00f3n para combatir la violencia en contra de las mujeres<br>Durante su visita a la regi\u00f3n, la ministra tambi\u00e9n asisti\u00f3 a una sesi\u00f3n de coordinaci\u00f3n -liderada por<br>el delegado regional de Magallanes, Jos\u00e9 Antonio Ruiz- entre el Sistema T\u00e1ctico de Operaci\u00f3n<br>Policial (STOP) y el Circuito Intersectorial de Femicidios (CIF). Una instancia que busc\u00f3 establecer<br>compromisos interinstitucionales para la prevenci\u00f3n y erradicaci\u00f3n de estos delitos.<br>En la instancia, participaron tambi\u00e9n la directora nacional del Servicio Nacional de la Mujer y la<br>Equidad de G\u00e9nero, Priscilla Carrasco; la seremi de la Mujer y la Equidad de G\u00e9nero, Alejandra<br>Ruiz; la directora regional de SernamEG, Pamela Leiva; y diversos representantes de las polic\u00edas e<br>instituciones integrantes del CIF.<br>\u201cHace tres meses, realizamos junto a la ministra Carolina Toh\u00e1 una reuni\u00f3n nacional del Circuito<br>Intersectorial de Femicidios. Este es un espacio constituido hace m\u00e1s de una d\u00e9cada, en el<br>momento que se tipific\u00f3 el femicidio, para mejorar su persecuci\u00f3n penal y su prevenci\u00f3n. A partir<br>de las instrucciones de la ministra Toh\u00e1, hemos estado realizando no solamente sesiones<br>regionales del Circuito Intersectorial de Femicidios, sino tambi\u00e9n sum\u00e1ndolas a las sesiones del<br>STOP, es decir, del Sistema T\u00e1ctico de Operaci\u00f3n Policial. \u00bfY cu\u00e1l es el objetivo de juntar la sesi\u00f3n<br>del Circuito Intersectorial de Femicidios con la del STOP? Es medir qu\u00e9 tan cerca est\u00e1n nuestras<br>acciones de respuesta con los llamados operativos y trabajos que realiza diariamente Carabineros.<br>Todo para que as\u00ed podamos articular mejor y m\u00e1s afinadamente lo que ocurre en la regi\u00f3n, y<br>entender d\u00f3nde est\u00e1n los puntos de mayor llamada y c\u00f3mo estamos respondiendo ante ellas<br>desde las instituciones encargadas\u201d, finaliz\u00f3 Orellana.<\/p>\n","protected":false},"excerpt":{"rendered":"<p>Con el objetivo de seguir en el camino de la prevenci\u00f3n de la violencia contra de las mujeres yrestituir los derechos y la autonom\u00eda de quienes han vivido estos episodios;&#8230; <a class=\"read-more\" href=\"https:\/\/www.radiopresidenteibanez.cl\/web\/ministra-orellana-inaugura-el-primer-centro-de-atencion-especializada-en-violencias-de-genero-en-la-region-de-magallanes\/\">Leer m\u00e1s<\/a><\/p>\n","protected":false},"author":2,"featured_media":51982,"comment_status":"closed","ping_status":"closed","sticky":false,"template":"","format":"standard","meta":{"footnotes":""},"categories":[1],"tags":[],"class_list":["post-51981","post","type-post","status-publish","format-standard","has-post-thumbnail","hentry","category-cronica"],"_links":{"self":[{"href":"https:\/\/www.radiopresidenteibanez.cl\/web\/wp-json\/wp\/v2\/posts\/51981","targetHints":{"allow":["GET"]}}],"collection":[{"href":"https:\/\/www.radiopresidenteibanez.cl\/web\/wp-json\/wp\/v2\/posts"}],"about":[{"href":"https:\/\/www.radiopresidenteibanez.cl\/web\/wp-json\/wp\/v2\/types\/post"}],"author":[{"embeddable":true,"href":"https:\/\/www.radiopresidenteibanez.cl\/web\/wp-json\/wp\/v2\/users\/2"}],"replies":[{"embeddable":true,"href":"https:\/\/www.radiopresidenteibanez.cl\/web\/wp-json\/wp\/v2\/comments?post=51981"}],"version-history":[{"count":0,"href":"https:\/\/www.radiopresidenteibanez.cl\/web\/wp-json\/wp\/v2\/posts\/51981\/revisions"}],"wp:featuredmedia":[{"embeddable":true,"href":"https:\/\/www.radiopresidenteibanez.cl\/web\/wp-json\/wp\/v2\/media\/51982"}],"wp:attachment":[{"href":"https:\/\/www.radiopresidenteibanez.cl\/web\/wp-json\/wp\/v2\/media?parent=51981"}],"wp:term":[{"taxonomy":"category","embeddable":true,"href":"https:\/\/www.radiopresidenteibanez.cl\/web\/wp-json\/wp\/v2\/categories?post=51981"},{"taxonomy":"post_tag","embeddable":true,"href":"https:\/\/www.radiopresidenteibanez.cl\/web\/wp-json\/wp\/v2\/tags?post=51981"}],"curies":[{"name":"wp","href":"https:\/\/api.w.org\/{rel}","templated":true}]}}