{"id":5198,"date":"2019-06-20T15:31:31","date_gmt":"2019-06-20T15:31:31","guid":{"rendered":"http:\/\/www.radiopresidenteibanez.cl\/web\/?p=5198"},"modified":"2019-06-20T15:32:21","modified_gmt":"2019-06-20T15:32:21","slug":"en-julio-club-deportivo-maullin-celebrara-su-aniversario-n46-inaugurando-sede-ampliada-y-renovada","status":"publish","type":"post","link":"https:\/\/www.radiopresidenteibanez.cl\/web\/en-julio-club-deportivo-maullin-celebrara-su-aniversario-n46-inaugurando-sede-ampliada-y-renovada\/","title":{"rendered":"EN JULIO CLUB DEPORTIVO MAULL\u00cdN CELEBRAR\u00c1 SU ANIVERSARIO N\u00b046 INAUGURANDO SEDE AMPLIADA Y RENOVADA"},"content":{"rendered":"\n<p>Se desarroll\u00f3\nla visita y recepci\u00f3n final de los mejoramientos en la sede del Club Deportivo\nMaull\u00edn. &nbsp;&nbsp;&nbsp;&nbsp;&nbsp;&nbsp;&nbsp;&nbsp;&nbsp;&nbsp; El proyecto const\u00f3 con\nla realizaci\u00f3n de nuevos muros perimetrales, cambio parcial de machihembre,\ncer\u00e1mico antideslizante, cambio total de&nbsp;\ntechumbre, instalaci\u00f3n el\u00e9ctrica, calefacci\u00f3n y nuevos accesos.<\/p>\n\n\n\n<p>&nbsp;Esta remodelaci\u00f3n permitir\u00e1 agregar al acceso\nprincipal una rampa para discapacitados, solucionar las filtraciones de agua\nlluvia, &nbsp;un nuevo piso para evitar ca\u00eddas\nen su interior, adem\u00e1s de aumentar la capacidad del recinto para que todos sus\nsocios puedan ubicarse en el lugar de forma holgada y c\u00f3moda. <\/p>\n\n\n\n<p>El alcalde natalino,\nFernando Paredes Mansilla comenz\u00f3 sus palabras haciendo un reconocimiento a los\nclubes que trabajan unidos y que hacen participar a sus socios. \u201cEl canal\nvecinal se ha visto potenciado por el trabajo de clubes como el Club Deportivo\nMaull\u00edn, reconociendo ese hecho es que como Concejo Municipal definimos y\ndecidimos mejorar esta sede, porque claramente aqu\u00ed uno ve que hay mucha\nconcentraci\u00f3n de socios y hac\u00eda falta una ampliaci\u00f3n y un mejoramiento\u201d. El\nedil finaliz\u00f3 sus declaraciones agradeciendo el apoyo del Gobierno Regional y\ndel Consejo Regional de Magallanes.&nbsp;&nbsp; <\/p>\n\n\n\n<p>Ana Mayorga\nBahamonde, gobernadora de la provincia de \u00daltima Esperanza felicit\u00f3 a la\nempresa y al municipio por el nivel de construcci\u00f3n que se proyect\u00f3 en el\nedificio. \u201cNosotros como gobierno del presidente Sebasti\u00e1n Pi\u00f1era simplemente\nqueremos reafirmar el compromiso de seguir acompa\u00f1\u00e1ndolos. Hoy d\u00eda tambi\u00e9n\ntrajimos mobiliario que estaba pendiente con ellos, as\u00ed que vamos seguir\napoy\u00e1ndolos en todos los procedimientos y procesos que tengan de aqu\u00ed en\nadelante para que ellos sigan siendo un tremendo aporte a la comuna de Natales\ny a la provincia de \u00daltima Esperanza\u201d. <\/p>\n\n\n\n<p>En tanto, el concejal\nDaniel C\u00f3rdova destac\u00f3 que hoy se est\u00e1 cumpliendo un compromiso que adquirimos\ncomo Concejo Municipal en el aniversario N\u00b045 del club. \u201cNos comprometimos a\nque \u00edbamos a hacer todos los esfuerzos al interior del concejo para buscar el\nfinanciamiento del proyecto. Hoy d\u00eda aqu\u00ed vemos un trabajo terminado, todo esto\nviene en beneficio de un club deportivo, que m\u00e1s que un club deportivo es una\nfamilia completa\u201d.<\/p>\n\n\n\n<p>En tanto el presidente del Club Deportivo Maull\u00edn, Mauricio C\u00e1rcamo Barr\u00eda se mostr\u00f3 muy contento y agradeci\u00f3 al Gobierno Regional, al alcalde y al municipio por ayudarlos a cumplir la meta que ten\u00edan hace a\u00f1os de ampliar su club.<\/p>\n\n\n\n<figure class=\"wp-block-image\"><img loading=\"lazy\" decoding=\"async\" width=\"1024\" height=\"768\" src=\"https:\/\/www.radiopresidenteibanez.cl\/web\/wp-content\/uploads\/2019\/06\/IMG-01-1024x768.jpeg\" alt=\"\" class=\"wp-image-5199\" srcset=\"https:\/\/www.radiopresidenteibanez.cl\/web\/wp-content\/uploads\/2019\/06\/IMG-01-1024x768.jpeg 1024w, https:\/\/www.radiopresidenteibanez.cl\/web\/wp-content\/uploads\/2019\/06\/IMG-01-300x225.jpeg 300w, https:\/\/www.radiopresidenteibanez.cl\/web\/wp-content\/uploads\/2019\/06\/IMG-01-768x576.jpeg 768w, https:\/\/www.radiopresidenteibanez.cl\/web\/wp-content\/uploads\/2019\/06\/IMG-01.jpeg 1280w\" sizes=\"auto, (max-width: 1024px) 100vw, 1024px\" \/><\/figure>\n","protected":false},"excerpt":{"rendered":"<p>Se desarroll\u00f3 la visita y recepci\u00f3n final de los mejoramientos en la sede del Club Deportivo Maull\u00edn. &nbsp;&nbsp;&nbsp;&nbsp;&nbsp;&nbsp;&nbsp;&nbsp;&nbsp;&nbsp; El proyecto const\u00f3 con la realizaci\u00f3n de nuevos muros perimetrales, cambio parcial&#8230; <a class=\"read-more\" href=\"https:\/\/www.radiopresidenteibanez.cl\/web\/en-julio-club-deportivo-maullin-celebrara-su-aniversario-n46-inaugurando-sede-ampliada-y-renovada\/\">Leer m\u00e1s<\/a><\/p>\n","protected":false},"author":2,"featured_media":5199,"comment_status":"closed","ping_status":"closed","sticky":false,"template":"","format":"standard","meta":{"footnotes":""},"categories":[1],"tags":[],"class_list":["post-5198","post","type-post","status-publish","format-standard","has-post-thumbnail","hentry","category-cronica"],"_links":{"self":[{"href":"https:\/\/www.radiopresidenteibanez.cl\/web\/wp-json\/wp\/v2\/posts\/5198","targetHints":{"allow":["GET"]}}],"collection":[{"href":"https:\/\/www.radiopresidenteibanez.cl\/web\/wp-json\/wp\/v2\/posts"}],"about":[{"href":"https:\/\/www.radiopresidenteibanez.cl\/web\/wp-json\/wp\/v2\/types\/post"}],"author":[{"embeddable":true,"href":"https:\/\/www.radiopresidenteibanez.cl\/web\/wp-json\/wp\/v2\/users\/2"}],"replies":[{"embeddable":true,"href":"https:\/\/www.radiopresidenteibanez.cl\/web\/wp-json\/wp\/v2\/comments?post=5198"}],"version-history":[{"count":0,"href":"https:\/\/www.radiopresidenteibanez.cl\/web\/wp-json\/wp\/v2\/posts\/5198\/revisions"}],"wp:featuredmedia":[{"embeddable":true,"href":"https:\/\/www.radiopresidenteibanez.cl\/web\/wp-json\/wp\/v2\/media\/5199"}],"wp:attachment":[{"href":"https:\/\/www.radiopresidenteibanez.cl\/web\/wp-json\/wp\/v2\/media?parent=5198"}],"wp:term":[{"taxonomy":"category","embeddable":true,"href":"https:\/\/www.radiopresidenteibanez.cl\/web\/wp-json\/wp\/v2\/categories?post=5198"},{"taxonomy":"post_tag","embeddable":true,"href":"https:\/\/www.radiopresidenteibanez.cl\/web\/wp-json\/wp\/v2\/tags?post=5198"}],"curies":[{"name":"wp","href":"https:\/\/api.w.org\/{rel}","templated":true}]}}