{"id":5196,"date":"2019-06-20T15:25:21","date_gmt":"2019-06-20T15:25:21","guid":{"rendered":"http:\/\/www.radiopresidenteibanez.cl\/web\/?p=5196"},"modified":"2019-06-20T15:26:11","modified_gmt":"2019-06-20T15:26:11","slug":"exitoso-cruce-de-33-km-de-fibra-optica-en-el-estrecho-de-magallanes","status":"publish","type":"post","link":"https:\/\/www.radiopresidenteibanez.cl\/web\/exitoso-cruce-de-33-km-de-fibra-optica-en-el-estrecho-de-magallanes\/","title":{"rendered":"EXITOSO CRUCE DE 33 KM DE FIBRA \u00d3PTICA EN EL ESTRECHO DE MAGALLANES"},"content":{"rendered":"\n<p>Un hist\u00f3rico paso dio esta semana, el proceso de instalaci\u00f3n de la red\nde fibra \u00f3ptica en Magallanes. La empresa regional Conductividad Austral\ncomplet\u00f3 el tendido submarino de este cable, a lo largo de los m\u00e1s de 33\nkil\u00f3metros que separan el estrecho de Magallanes por su parte m\u00e1s ancha.\n\u201cEstamos muy contentos con este paso que represent\u00f3 un gran logro de nuestro\npersonal t\u00e9cnico y profesional. Hubo que superar muchos obst\u00e1culos naturales,\ncomo el viento y las fuertes corrientes imperantes en la zona, lo cual fue\nsuperado gracias al gran esp\u00edritu de sacrificio de todo el personal\u201d, declar\u00f3 Juan\nLeiva, gerente de Conductividad Austral.<\/p>\n\n\n\n<p>Seg\u00fan inform\u00f3, la empresa ha completado el tendido del 98% de los 750\nkil\u00f3metros de cable del llamado Tramo Terrestre Magallanes de la red de Fibra\n\u00d3ptica Austral. Este tramo proporcionar\u00e1 conectividad digital de \u00faltima\ngeneraci\u00f3n a algunas de las comunidades m\u00e1s aisladas de todo el pa\u00eds y que\nest\u00e1n ubicadas en la Regi\u00f3n de Magallanes. <\/p>\n\n\n\n<p><em>Leiva destac\u00f3 que el tendido terrestre\nde este tramo es \u00fanico en el pa\u00eds por el hecho de estar soterrado. El tramo se\ninicia en Punta Arenas donde se conecta con la fibra submarina proveniente del\nnorte. Desde la capital magall\u00e1nica, un tramo se extiende hasta Puerto Natales\ny otro se dirige a San Gregorio donde atraviesa el estrecho hasta Cerro\nSombrero y luego contin\u00faa hacia Porvenir, Onaissin y San Sebasti\u00e1n. Desde\nOnaissin, se desprende una red hacia Villa Cameron, en tanto que desde San\nSebasti\u00e1n, se extiende otra hacia Pampa Guanaco.<\/em><\/p>\n\n\n\n<p><em>El tendido submarino de la fibra \u00f3ptica\nque acaba de completarse, se extiende a lo largo de 32,4 kil\u00f3metros del estrecho\nde Magallanes. El punto de anclaje en el continente se encuentra en un sitio\nubicado en la estancia Santa Mar\u00eda, 2,4 kil\u00f3metros al norte de San Gregorio.\nDesde ah\u00ed, el cable cruza el estrecho para aterrizar en Tierra del Fuego, en el\nsector de Bah\u00eda Felipe, situada entre la Primera y Segunda Angostura, en la\ncomuna de Cerro Sombrero.<\/em><\/p>\n\n\n\n<p>Leiva destac\u00f3 que el complejo proceso de instalaci\u00f3n submarina de este\ncable, fue realizado en forma in\u00e9dita y pionera en Chile por empresas y\nt\u00e9cnicos nacionales y regionales. Estas fueron Conductividad Austral, Skyring\nMarine, Ultramar, Ultratug, Frasal, Empresas Vilicic, Teknos Limitada, adem\u00e1s\nde contar con el apoyo log\u00edstico de personal de la Armada. Tambi\u00e9n el cruce fue\nposible gracias al Ej\u00e9rcito de Chile y Don Ramiro Fernandez Zanetti. Tambien\nparticiparon contratistas de obras y transporte con Hugo Soto y Juan Perez. A\ntodos ellos Conductividad Austral les agradece su apoyo y trabajo.<\/p>\n\n\n\n<p>Se debe se\u00f1alar que Conductividad Austral Limitada fue la primera empresa en traer la fibra \u00f3ptica a Magallanes el a\u00f1o 2008 por territorio argentino y ahora esta pronto a entregar el troncal Magallanes que forma parte del FOA. Debemos destacar que la empresa asumi\u00f3 privadamente el mayor costo de soterrar la fibra \u00f3ptica, pues para tal efecto no recibi\u00f3 apoyo alguno y de esta manera se acogi\u00f3 el llamado del sector tur\u00edstico de la regi\u00f3n. Tambi\u00e9n agradecemos al intendente Regional y funcionarios de la Subsecretar\u00eda de Telecomunicaciones que han apoyado y seguido el proyecto en forma permanente. <\/p>\n\n\n\n<figure class=\"wp-block-image\"><img loading=\"lazy\" decoding=\"async\" width=\"1024\" height=\"577\" src=\"http:\/\/www.radiopresidenteibanez.cl\/web\/wp-content\/uploads\/2019\/06\/Cruce-1024x577.jpg\" alt=\"\" class=\"wp-image-5191\" srcset=\"https:\/\/www.radiopresidenteibanez.cl\/web\/wp-content\/uploads\/2019\/06\/Cruce-1024x577.jpg 1024w, https:\/\/www.radiopresidenteibanez.cl\/web\/wp-content\/uploads\/2019\/06\/Cruce-300x169.jpg 300w, https:\/\/www.radiopresidenteibanez.cl\/web\/wp-content\/uploads\/2019\/06\/Cruce-768x433.jpg 768w, https:\/\/www.radiopresidenteibanez.cl\/web\/wp-content\/uploads\/2019\/06\/Cruce.jpg 1122w\" sizes=\"auto, (max-width: 1024px) 100vw, 1024px\" \/><\/figure>\n","protected":false},"excerpt":{"rendered":"<p>Un hist\u00f3rico paso dio esta semana, el proceso de instalaci\u00f3n de la red de fibra \u00f3ptica en Magallanes. La empresa regional Conductividad Austral complet\u00f3 el tendido submarino de este cable,&#8230; <a class=\"read-more\" href=\"https:\/\/www.radiopresidenteibanez.cl\/web\/exitoso-cruce-de-33-km-de-fibra-optica-en-el-estrecho-de-magallanes\/\">Leer m\u00e1s<\/a><\/p>\n","protected":false},"author":2,"featured_media":5191,"comment_status":"closed","ping_status":"closed","sticky":false,"template":"","format":"standard","meta":{"footnotes":""},"categories":[1],"tags":[],"class_list":["post-5196","post","type-post","status-publish","format-standard","has-post-thumbnail","hentry","category-cronica"],"_links":{"self":[{"href":"https:\/\/www.radiopresidenteibanez.cl\/web\/wp-json\/wp\/v2\/posts\/5196","targetHints":{"allow":["GET"]}}],"collection":[{"href":"https:\/\/www.radiopresidenteibanez.cl\/web\/wp-json\/wp\/v2\/posts"}],"about":[{"href":"https:\/\/www.radiopresidenteibanez.cl\/web\/wp-json\/wp\/v2\/types\/post"}],"author":[{"embeddable":true,"href":"https:\/\/www.radiopresidenteibanez.cl\/web\/wp-json\/wp\/v2\/users\/2"}],"replies":[{"embeddable":true,"href":"https:\/\/www.radiopresidenteibanez.cl\/web\/wp-json\/wp\/v2\/comments?post=5196"}],"version-history":[{"count":0,"href":"https:\/\/www.radiopresidenteibanez.cl\/web\/wp-json\/wp\/v2\/posts\/5196\/revisions"}],"wp:featuredmedia":[{"embeddable":true,"href":"https:\/\/www.radiopresidenteibanez.cl\/web\/wp-json\/wp\/v2\/media\/5191"}],"wp:attachment":[{"href":"https:\/\/www.radiopresidenteibanez.cl\/web\/wp-json\/wp\/v2\/media?parent=5196"}],"wp:term":[{"taxonomy":"category","embeddable":true,"href":"https:\/\/www.radiopresidenteibanez.cl\/web\/wp-json\/wp\/v2\/categories?post=5196"},{"taxonomy":"post_tag","embeddable":true,"href":"https:\/\/www.radiopresidenteibanez.cl\/web\/wp-json\/wp\/v2\/tags?post=5196"}],"curies":[{"name":"wp","href":"https:\/\/api.w.org\/{rel}","templated":true}]}}