{"id":51909,"date":"2024-10-22T12:57:00","date_gmt":"2024-10-22T15:57:00","guid":{"rendered":"https:\/\/www.radiopresidenteibanez.cl\/web\/?p=51909"},"modified":"2024-10-22T10:18:21","modified_gmt":"2024-10-22T13:18:21","slug":"miren-como-le-muestran-una-escopeta-para-quitarle-al-pobre-su-marraqueta-canta-violeta-parra","status":"publish","type":"post","link":"https:\/\/www.radiopresidenteibanez.cl\/web\/miren-como-le-muestran-una-escopeta-para-quitarle-al-pobre-su-marraqueta-canta-violeta-parra\/","title":{"rendered":"Miren c\u00f3mo le muestran una escopeta para quitarle al pobre su marraqueta..\u00bb canta Violeta Parra"},"content":{"rendered":"\n<p>Los trabajadores en su mayor\u00eda ni siquiera tienen claro qu\u00e9 significa ser \u00bb sujetos de derecho\u00bb. Una explicaci\u00f3n simple nos dice que tal cuesti\u00f3n implica que \u00abtodo ser es capaz de tener derechos y contraer obligaciones\u00bb. Sin embargo en la relaci\u00f3n con el empleador todo esto no solo no es indicado, sino que se le hace entender al trabajador que debe estar dispuesto a hacer todo lo que su patr\u00f3n le demande y no se le ocurra reclamar por algo que crea que no corresponde, p\u00f9es el resultado m\u00e1s probable es la p\u00e9rdida del puesto de trabajo.<br>Por cierto, si entro a una empresa asumo obligaciones como llegar a la hora, vestir el uniforme que me asignen, cuidar los elementos con los que desarrollo mi trabajo, respetar la hora de colaci\u00f3n y otros, pero tambi\u00e9n tengo derechos que no siempre exijo y a veces desconozco, como un casillero donde dejar mis cosas, servicios higi\u00e9nicos y duchas si se requiere, casino o dependencias donde hacer la colaci\u00f3n, el pago a tiempo de mis remuneraciones y un largo etc\u00e9tera de derechos, que pocos se procupan de hacer notar.<\/p>\n\n\n\n<p>2.- Aqu\u00ed radica la principal preocupaci\u00f3n<br>de las organizaciones de trabajadores de nivel medio y mayor.<br>No solo asesorar a sus sindicatos con apoyo en negociaci\u00f3n colectiva y servicio jur\u00eddico, que son las cosas m\u00e1s urgentes, sino tambi\u00e9n preparar material educativo y salir a repartirlo a todos lados.<br>No ganamos mucho si solo los m\u00e1s entendidos nos reunimos para ver el camino a recorrer para superar el capitalismo, mientras tenemos a millones de trabajadores ignorantes de lo que implica ser sujetos de derechos y parte de una clase.<\/p>\n","protected":false},"excerpt":{"rendered":"<p>Los trabajadores en su mayor\u00eda ni siquiera tienen claro qu\u00e9 significa ser \u00bb sujetos de derecho\u00bb. Una explicaci\u00f3n simple nos dice que tal cuesti\u00f3n implica que \u00abtodo ser es capaz&#8230; <a class=\"read-more\" href=\"https:\/\/www.radiopresidenteibanez.cl\/web\/miren-como-le-muestran-una-escopeta-para-quitarle-al-pobre-su-marraqueta-canta-violeta-parra\/\">Leer m\u00e1s<\/a><\/p>\n","protected":false},"author":2,"featured_media":51910,"comment_status":"closed","ping_status":"closed","sticky":false,"template":"","format":"standard","meta":{"footnotes":""},"categories":[1],"tags":[],"class_list":["post-51909","post","type-post","status-publish","format-standard","has-post-thumbnail","hentry","category-cronica"],"_links":{"self":[{"href":"https:\/\/www.radiopresidenteibanez.cl\/web\/wp-json\/wp\/v2\/posts\/51909","targetHints":{"allow":["GET"]}}],"collection":[{"href":"https:\/\/www.radiopresidenteibanez.cl\/web\/wp-json\/wp\/v2\/posts"}],"about":[{"href":"https:\/\/www.radiopresidenteibanez.cl\/web\/wp-json\/wp\/v2\/types\/post"}],"author":[{"embeddable":true,"href":"https:\/\/www.radiopresidenteibanez.cl\/web\/wp-json\/wp\/v2\/users\/2"}],"replies":[{"embeddable":true,"href":"https:\/\/www.radiopresidenteibanez.cl\/web\/wp-json\/wp\/v2\/comments?post=51909"}],"version-history":[{"count":0,"href":"https:\/\/www.radiopresidenteibanez.cl\/web\/wp-json\/wp\/v2\/posts\/51909\/revisions"}],"wp:featuredmedia":[{"embeddable":true,"href":"https:\/\/www.radiopresidenteibanez.cl\/web\/wp-json\/wp\/v2\/media\/51910"}],"wp:attachment":[{"href":"https:\/\/www.radiopresidenteibanez.cl\/web\/wp-json\/wp\/v2\/media?parent=51909"}],"wp:term":[{"taxonomy":"category","embeddable":true,"href":"https:\/\/www.radiopresidenteibanez.cl\/web\/wp-json\/wp\/v2\/categories?post=51909"},{"taxonomy":"post_tag","embeddable":true,"href":"https:\/\/www.radiopresidenteibanez.cl\/web\/wp-json\/wp\/v2\/tags?post=51909"}],"curies":[{"name":"wp","href":"https:\/\/api.w.org\/{rel}","templated":true}]}}