{"id":5190,"date":"2019-06-20T15:18:47","date_gmt":"2019-06-20T15:18:47","guid":{"rendered":"http:\/\/www.radiopresidenteibanez.cl\/web\/?p=5190"},"modified":"2019-06-20T15:22:55","modified_gmt":"2019-06-20T15:22:55","slug":"diez-organizaciones-sociales-de-la-provincia-de-magallanes-recibieron-recursos-del-fondo-de-fortalecimiento","status":"publish","type":"post","link":"https:\/\/www.radiopresidenteibanez.cl\/web\/diez-organizaciones-sociales-de-la-provincia-de-magallanes-recibieron-recursos-del-fondo-de-fortalecimiento\/","title":{"rendered":"DIEZ ORGANIZACIONES SOCIALES DE LA PROVINCIA DE MAGALLANES  RECIBIERON RECURSOS DEL FONDO DE FORTALECIMIENTO"},"content":{"rendered":"\n<p>Un total de diez organizaciones sociales de la\nprovincia de Magallanes recibieron sus recursos tras adjudicarse el Fondo de\nFortalecimiento de las Organizaciones de Inter\u00e9s P\u00fablico (FFOIP), del\nMinisterio Secretar\u00eda General de Gobierno.<\/p>\n\n\n\n<p>Durante la ceremonia que fue encabezada por el\nintendente Jos\u00e9 Fern\u00e1ndez, la seremi de Gobierno, Alejandra Mu\u00f1oz, destac\u00f3 que\n\u201cMagallanes es la primera regi\u00f3n que entrega los recursos a quienes se\nadjudicaron el FFOIP gracias a sus proyectos\u201d.<\/p>\n\n\n\n<p>\u201cEstamos muy orgullosos de entregar estos recursos que\nson muy bien recibidos por nuestros dirigentes y cada una de sus organizaciones\nque se ver\u00e1n fortalecidas. Adem\u00e1s, a trav\u00e9s de estas iniciativas, el trabajo\nque hacemos como gobierno se ve engrandecido, porque vamos a poder tener\norganizaciones m\u00e1s empoderadas\u201d, asegur\u00f3 la seremi Mu\u00f1oz. <\/p>\n\n\n\n<p>En total se entregaron $27.769.908 millones para seis\niniciativas de car\u00e1cter local y cuatro regionales.<\/p>\n\n\n\n<p>La vocera adem\u00e1s manifest\u00f3 que \u201cdesde el Gobierno liderado\npor el Presidente Sebasti\u00e1n Pi\u00f1era destacamos el inter\u00e9s de las organizaciones\nde la sociedad civil por participar, por capacitarse y sobre todo por querer\nadquirir herramientas para mejorar su gesti\u00f3n. Nosotros tenemos un compromiso\ncon estas organizaciones, porque sin lugar a dudas, est\u00e1n en el coraz\u00f3n de\nnuestra gesti\u00f3n\u201d.<\/p>\n\n\n\n<p>Las organizaciones sociales beneficiadas por sus\niniciativas de car\u00e1cter regional fueron: Club de adultos mayores amor y\nesperanza de la Patagonia;<\/p>\n\n\n\n<p>Agrupaci\u00f3n social y de salud movimiento Guatita de Delantal\nPunta Arenas; Corporaci\u00f3n de Ayuda al Ni\u00f1o Quemado (Coaniquem); y con el\nproyecto regional CONASET, la Junta de Vecinos N\u00b05 General Bulnes.<\/p>\n\n\n\n<p>En tanto las organizaciones de car\u00e1cter local\nseleccionados fueron: Asociaci\u00f3n ind\u00edgena \u00d1uke Ruka; Club social de adulto\nmayor \u00abVivir y crear\u00bb; Junta de Vecinos N\u00b012 \u201cR\u00edo de las Minas\u201d; Agrupaci\u00f3n\nde amigas y amigos del Hogar del Ni\u00f1o Miraflores; Agrupaci\u00f3n Cuequera Esmeralda;\ny Agrupaci\u00f3n Cultural y Educativa Trabun Amulen.<\/p>\n\n\n\n<p><strong>\u201cEs un tremendo\napoyo\u201d<\/strong><\/p>\n\n\n\n<p>La presidenta de la Agrupaci\u00f3n Social y de Salud\nMovimiento Guatita Delantal Punta Arenas, Sylvia Bustamante se\u00f1al\u00f3 que \u201cestamos\ntotalmente agradecidos del gobierno. Es primera vez que postulamos, nos cost\u00f3\nun poco por no saber mucho sobre proyectos, pero estamos inmensamente felices, porque\ngracias al apoyo que recibimos logramos que nuestra iniciativa fuese\nseleccionada\u201d.<\/p>\n\n\n\n<p>Finalmente, Jos\u00e9 Navarro, presidente de la Agrupaci\u00f3n\nCuequera Esmeralda dijo que \u201ceste es un tremendo apoyo, y los recursos los\nutilizaremos en contratar una monitora para seguir aprendiendo m\u00e1s sobre\nnuestro baile nacional y adem\u00e1s nos servir\u00e1 para renovar el vestuario, ya que\nsiempre nos estamos presentando en distintas actividades\u201d. <\/p>\n\n\n\n<p>En los pr\u00f3ximos d\u00edas nueve organizaciones de inter\u00e9s p\u00fablico de la comuna de Puerto Natales recibir\u00e1n tambi\u00e9n el financiamiento para la ejecuci\u00f3n de sus proyectos.<\/p>\n\n\n\n<figure class=\"wp-block-image\"><img loading=\"lazy\" decoding=\"async\" width=\"1024\" height=\"683\" src=\"http:\/\/www.radiopresidenteibanez.cl\/web\/wp-content\/uploads\/2019\/06\/IMG_6408-1024x683.jpg\" alt=\"\" class=\"wp-image-5194\" srcset=\"https:\/\/www.radiopresidenteibanez.cl\/web\/wp-content\/uploads\/2019\/06\/IMG_6408-1024x683.jpg 1024w, https:\/\/www.radiopresidenteibanez.cl\/web\/wp-content\/uploads\/2019\/06\/IMG_6408-300x200.jpg 300w, https:\/\/www.radiopresidenteibanez.cl\/web\/wp-content\/uploads\/2019\/06\/IMG_6408-768x512.jpg 768w, https:\/\/www.radiopresidenteibanez.cl\/web\/wp-content\/uploads\/2019\/06\/IMG_6408.jpg 1280w\" sizes=\"auto, (max-width: 1024px) 100vw, 1024px\" \/><\/figure>\n","protected":false},"excerpt":{"rendered":"<p>Un total de diez organizaciones sociales de la provincia de Magallanes recibieron sus recursos tras adjudicarse el Fondo de Fortalecimiento de las Organizaciones de Inter\u00e9s P\u00fablico (FFOIP), del Ministerio Secretar\u00eda&#8230; <a class=\"read-more\" href=\"https:\/\/www.radiopresidenteibanez.cl\/web\/diez-organizaciones-sociales-de-la-provincia-de-magallanes-recibieron-recursos-del-fondo-de-fortalecimiento\/\">Leer m\u00e1s<\/a><\/p>\n","protected":false},"author":2,"featured_media":5194,"comment_status":"closed","ping_status":"closed","sticky":false,"template":"","format":"standard","meta":{"footnotes":""},"categories":[1],"tags":[],"class_list":["post-5190","post","type-post","status-publish","format-standard","has-post-thumbnail","hentry","category-cronica"],"_links":{"self":[{"href":"https:\/\/www.radiopresidenteibanez.cl\/web\/wp-json\/wp\/v2\/posts\/5190","targetHints":{"allow":["GET"]}}],"collection":[{"href":"https:\/\/www.radiopresidenteibanez.cl\/web\/wp-json\/wp\/v2\/posts"}],"about":[{"href":"https:\/\/www.radiopresidenteibanez.cl\/web\/wp-json\/wp\/v2\/types\/post"}],"author":[{"embeddable":true,"href":"https:\/\/www.radiopresidenteibanez.cl\/web\/wp-json\/wp\/v2\/users\/2"}],"replies":[{"embeddable":true,"href":"https:\/\/www.radiopresidenteibanez.cl\/web\/wp-json\/wp\/v2\/comments?post=5190"}],"version-history":[{"count":0,"href":"https:\/\/www.radiopresidenteibanez.cl\/web\/wp-json\/wp\/v2\/posts\/5190\/revisions"}],"wp:featuredmedia":[{"embeddable":true,"href":"https:\/\/www.radiopresidenteibanez.cl\/web\/wp-json\/wp\/v2\/media\/5194"}],"wp:attachment":[{"href":"https:\/\/www.radiopresidenteibanez.cl\/web\/wp-json\/wp\/v2\/media?parent=5190"}],"wp:term":[{"taxonomy":"category","embeddable":true,"href":"https:\/\/www.radiopresidenteibanez.cl\/web\/wp-json\/wp\/v2\/categories?post=5190"},{"taxonomy":"post_tag","embeddable":true,"href":"https:\/\/www.radiopresidenteibanez.cl\/web\/wp-json\/wp\/v2\/tags?post=5190"}],"curies":[{"name":"wp","href":"https:\/\/api.w.org\/{rel}","templated":true}]}}