{"id":51863,"date":"2024-10-20T13:34:00","date_gmt":"2024-10-20T16:34:00","guid":{"rendered":"https:\/\/www.radiopresidenteibanez.cl\/web\/?p=51863"},"modified":"2024-10-20T12:06:33","modified_gmt":"2024-10-20T15:06:33","slug":"rodolfo-cardenas-por-inicio-del-proyecto-habitacional-en-primavera-es-el-comienzo-de-un-sueno-hecho-realidad","status":"publish","type":"post","link":"https:\/\/www.radiopresidenteibanez.cl\/web\/rodolfo-cardenas-por-inicio-del-proyecto-habitacional-en-primavera-es-el-comienzo-de-un-sueno-hecho-realidad\/","title":{"rendered":"Rodolfo C\u00e1rdenas por inicio del proyecto habitacional en Primavera: \u201cEs el comienzo de un sue\u00f1o hecho realidad\u201d"},"content":{"rendered":"\n<p>Con la instalaci\u00f3n de la primera piedra del Conjunto Habitacional Pioneros, la comuna de Primavera y la provincia de Tierra del Fuego han marcado otro paso, cada vez m\u00e1s cercano, que muchos esperaban desde hace nueve a\u00f1os. El proyecto, que contempla la construcci\u00f3n de 49 viviendas en Cerro Sombrero, cuenta con el apoyo del Ministerio de Vivienda, el Gobierno Regional, la aprobaci\u00f3n de fondos del Consejo Regional, y, sobre todo, los ahorros de las familias beneficiadas.<\/p>\n\n\n\n<p>El consejero regional Rodolfo C\u00e1rdenas, representante de Tierra del Fuego, expres\u00f3 su satisfacci\u00f3n ante este avance, destacando el esfuerzo conjunto que ha permitido la concreci\u00f3n de este anhelado proyecto: \u201cCompartimos la alegr\u00eda de las 49 familias que van a recibir su vivienda en unos meses m\u00e1s. Este es un logro importante, donde el trabajo liderado por el alcalde Blagomir Brztilo y su equipo municipal, junto al apoyo del Ministerio de Vivienda y el Gobierno Regional, ha permitido hacer realidad estas viviendas en el sector rural de la comuna de Primavera\u201d.<\/p>\n\n\n\n<p>C\u00e1rdenas tambi\u00e9n subray\u00f3 la emoci\u00f3n de la comunidad al ver c\u00f3mo, tras a\u00f1os de espera, este sue\u00f1o comienza a materializarse. \u201cEstamos muy contentos con los avances y esperamos que esta primera piedra sea el inicio concreto de las ilusiones que se transforman en realidad para las familias de Cerro Sombrero. Es un proceso que ha llevado tiempo y diversas gestiones por parte de la municipalidad, pero hoy celebramos el comienzo de una nueva etapa\u201d, se\u00f1al\u00f3.<\/p>\n\n\n\n<p>La ceremonia, que cont\u00f3 con la participaci\u00f3n activa de los vecinos y autoridades, simboliza un paso importante para mejorar la calidad de vida en la zona, transformando el futuro de las familias que habitar\u00e1n el Conjunto Habitacional Pioneros, y que cumplir\u00e1n el anhelado sue\u00f1o de la casa propia.<\/p>\n","protected":false},"excerpt":{"rendered":"<p>Con la instalaci\u00f3n de la primera piedra del Conjunto Habitacional Pioneros, la comuna de Primavera y la provincia de Tierra del Fuego han marcado otro paso, cada vez m\u00e1s cercano,&#8230; <a class=\"read-more\" href=\"https:\/\/www.radiopresidenteibanez.cl\/web\/rodolfo-cardenas-por-inicio-del-proyecto-habitacional-en-primavera-es-el-comienzo-de-un-sueno-hecho-realidad\/\">Leer m\u00e1s<\/a><\/p>\n","protected":false},"author":2,"featured_media":51864,"comment_status":"closed","ping_status":"closed","sticky":false,"template":"","format":"standard","meta":{"footnotes":""},"categories":[1],"tags":[],"class_list":["post-51863","post","type-post","status-publish","format-standard","has-post-thumbnail","hentry","category-cronica"],"_links":{"self":[{"href":"https:\/\/www.radiopresidenteibanez.cl\/web\/wp-json\/wp\/v2\/posts\/51863","targetHints":{"allow":["GET"]}}],"collection":[{"href":"https:\/\/www.radiopresidenteibanez.cl\/web\/wp-json\/wp\/v2\/posts"}],"about":[{"href":"https:\/\/www.radiopresidenteibanez.cl\/web\/wp-json\/wp\/v2\/types\/post"}],"author":[{"embeddable":true,"href":"https:\/\/www.radiopresidenteibanez.cl\/web\/wp-json\/wp\/v2\/users\/2"}],"replies":[{"embeddable":true,"href":"https:\/\/www.radiopresidenteibanez.cl\/web\/wp-json\/wp\/v2\/comments?post=51863"}],"version-history":[{"count":0,"href":"https:\/\/www.radiopresidenteibanez.cl\/web\/wp-json\/wp\/v2\/posts\/51863\/revisions"}],"wp:featuredmedia":[{"embeddable":true,"href":"https:\/\/www.radiopresidenteibanez.cl\/web\/wp-json\/wp\/v2\/media\/51864"}],"wp:attachment":[{"href":"https:\/\/www.radiopresidenteibanez.cl\/web\/wp-json\/wp\/v2\/media?parent=51863"}],"wp:term":[{"taxonomy":"category","embeddable":true,"href":"https:\/\/www.radiopresidenteibanez.cl\/web\/wp-json\/wp\/v2\/categories?post=51863"},{"taxonomy":"post_tag","embeddable":true,"href":"https:\/\/www.radiopresidenteibanez.cl\/web\/wp-json\/wp\/v2\/tags?post=51863"}],"curies":[{"name":"wp","href":"https:\/\/api.w.org\/{rel}","templated":true}]}}