{"id":5186,"date":"2019-06-19T19:47:17","date_gmt":"2019-06-19T19:47:17","guid":{"rendered":"http:\/\/www.radiopresidenteibanez.cl\/web\/?p=5186"},"modified":"2019-06-19T19:47:27","modified_gmt":"2019-06-19T19:47:27","slug":"investigador-de-abusos-en-la-iglesia-visita-magallanes","status":"publish","type":"post","link":"https:\/\/www.radiopresidenteibanez.cl\/web\/investigador-de-abusos-en-la-iglesia-visita-magallanes\/","title":{"rendered":"INVESTIGADOR DE ABUSOS EN LA IGLESIA VISITA MAGALLANES"},"content":{"rendered":"\n<p>Una visita a Magallanes har\u00e1 la pr\u00f3xima semana el\nperiodista Oscar Contardo, autor del libro \u201cEl Reba\u00f1o\u201d, sobre los abusos\nsexuales en la Iglesia Cat\u00f3lica.<\/p>\n\n\n\n<p>El libro \u201cEl Reba\u00f1o\u201d es un&nbsp; proceso de investigaci\u00f3n period\u00edstica que\nincluye una investigaci\u00f3n sobre el caso del estudiante magall\u00e1nico Ricardo\nHarex y la participaci\u00f3n del cura Rimsky Rojas.<\/p>\n\n\n\n<p>La visita de Contardo fue organizada por el Consejo\nRegional Magallanes del Colegio de Periodistas, en el marco del rol del\nperiodismo en su relaci\u00f3n con la sociedad contempor\u00e1nea.<\/p>\n\n\n\n<p>El periodista Contardo llegar\u00e1 a Punta Arenas el pr\u00f3ximo mi\u00e9rcoles 3 de julio y el d\u00eda 4 participar\u00e1 en un conversatorio con la comunidad regional en el auditorio Ernesto Livacic, de la Universidad de Magallanes. El evento tendr\u00e1 lugar a las 19 horas.<\/p>\n\n\n\n<figure class=\"wp-block-image\"><img loading=\"lazy\" decoding=\"async\" width=\"700\" height=\"293\" src=\"https:\/\/www.radiopresidenteibanez.cl\/web\/wp-content\/uploads\/2019\/06\/contardo.jpg\" alt=\"\" class=\"wp-image-5187\" srcset=\"https:\/\/www.radiopresidenteibanez.cl\/web\/wp-content\/uploads\/2019\/06\/contardo.jpg 700w, https:\/\/www.radiopresidenteibanez.cl\/web\/wp-content\/uploads\/2019\/06\/contardo-300x126.jpg 300w\" sizes=\"auto, (max-width: 700px) 100vw, 700px\" \/><\/figure>\n","protected":false},"excerpt":{"rendered":"<p>Una visita a Magallanes har\u00e1 la pr\u00f3xima semana el periodista Oscar Contardo, autor del libro \u201cEl Reba\u00f1o\u201d, sobre los abusos sexuales en la Iglesia Cat\u00f3lica. El libro \u201cEl Reba\u00f1o\u201d es&#8230; <a class=\"read-more\" href=\"https:\/\/www.radiopresidenteibanez.cl\/web\/investigador-de-abusos-en-la-iglesia-visita-magallanes\/\">Leer m\u00e1s<\/a><\/p>\n","protected":false},"author":2,"featured_media":5187,"comment_status":"closed","ping_status":"closed","sticky":false,"template":"","format":"standard","meta":{"footnotes":""},"categories":[1],"tags":[],"class_list":["post-5186","post","type-post","status-publish","format-standard","has-post-thumbnail","hentry","category-cronica"],"_links":{"self":[{"href":"https:\/\/www.radiopresidenteibanez.cl\/web\/wp-json\/wp\/v2\/posts\/5186","targetHints":{"allow":["GET"]}}],"collection":[{"href":"https:\/\/www.radiopresidenteibanez.cl\/web\/wp-json\/wp\/v2\/posts"}],"about":[{"href":"https:\/\/www.radiopresidenteibanez.cl\/web\/wp-json\/wp\/v2\/types\/post"}],"author":[{"embeddable":true,"href":"https:\/\/www.radiopresidenteibanez.cl\/web\/wp-json\/wp\/v2\/users\/2"}],"replies":[{"embeddable":true,"href":"https:\/\/www.radiopresidenteibanez.cl\/web\/wp-json\/wp\/v2\/comments?post=5186"}],"version-history":[{"count":0,"href":"https:\/\/www.radiopresidenteibanez.cl\/web\/wp-json\/wp\/v2\/posts\/5186\/revisions"}],"wp:featuredmedia":[{"embeddable":true,"href":"https:\/\/www.radiopresidenteibanez.cl\/web\/wp-json\/wp\/v2\/media\/5187"}],"wp:attachment":[{"href":"https:\/\/www.radiopresidenteibanez.cl\/web\/wp-json\/wp\/v2\/media?parent=5186"}],"wp:term":[{"taxonomy":"category","embeddable":true,"href":"https:\/\/www.radiopresidenteibanez.cl\/web\/wp-json\/wp\/v2\/categories?post=5186"},{"taxonomy":"post_tag","embeddable":true,"href":"https:\/\/www.radiopresidenteibanez.cl\/web\/wp-json\/wp\/v2\/tags?post=5186"}],"curies":[{"name":"wp","href":"https:\/\/api.w.org\/{rel}","templated":true}]}}