{"id":518,"date":"2019-01-16T18:40:17","date_gmt":"2019-01-16T18:40:17","guid":{"rendered":"http:\/\/www.radiopresidenteibanez.cl\/web\/?p=518"},"modified":"2019-01-16T18:40:20","modified_gmt":"2019-01-16T18:40:20","slug":"mas-de-400-personas-asistieron-a-una-verdadera-fiesta-del-pensamiento-en-magallanes","status":"publish","type":"post","link":"https:\/\/www.radiopresidenteibanez.cl\/web\/mas-de-400-personas-asistieron-a-una-verdadera-fiesta-del-pensamiento-en-magallanes\/","title":{"rendered":"M\u00c1S DE 400 PERSONAS ASISTIERON A UNA VERDADERA FIESTA DEL PENSAMIENTO EN MAGALLANES"},"content":{"rendered":"\n<p>Los asistentes ocuparon\nr\u00e1pidamente las butacas del Teatro Municipal de Punta Arenas Jos\u00e9 Bohr a la\nespera de la presentaci\u00f3n de los destacados cient\u00edficos internacionales que\ndieron vida a la cuarta versi\u00f3n del Congreso Futuro 2019 en Magallanes.<\/p>\n\n\n\n<p>Quienes no pudieron llegar hasta\nel teatro o no alcanzaron a inscribirse, tuvieron la posibilidad de disfrutar y\nno perderse ninguna de las presentaciones gracias a la transmisi\u00f3n online\n(streaming), que permiti\u00f3 llevar cada detalle a toda la regi\u00f3n, pa\u00eds y el\nmundo.<\/p>\n\n\n\n<p>\u201cEstamos muy contentos con la\nconvocatoria, m\u00e1s de 400 personas participaron y que se inscribieron a trav\u00e9s\nde la p\u00e1gina web, agradecemos a todos ellos\u201d, dijo la directora regional de\nSercotec Mar\u00eda Soledad S\u00f3lo de Z\u00e1ldivar y agreg\u00f3 que \u201ctuvimos destacados\nexpositores de nivel mundial con temas relevantes para nuestra regi\u00f3n\u201d.<\/p>\n\n\n\n<p>Tras las palabras de las\nautoridades regionales y comunales, quienes destacaron el hecho que la capital\nregional vuelva a ser sede de este encuentro, considerado el m\u00e1s grande de\nLatinoam\u00e9rica, fue la directora de British Antarctic Survey (BAS), Jane\nFrancis, la encargada de abrir las presentaciones del primer bloque dedicado a\nla \u201cAnt\u00e1rtica y el Medio Ambiente\u201d.<\/p>\n\n\n\n<p>Le procedieron la doctora en\nmedio ambiente, Cassandra Brooks y Brigitte Baptiste, directora del Instituto\nde Investigaci\u00f3n de Recursos Biol\u00f3gicos Alexander von Humboldt de Colombia.<\/p>\n\n\n\n<p><strong>\u201cChocolate blanco\u201d<\/strong><\/p>\n\n\n\n<p>Mientras Brooks comparte c\u00f3mo la\nprotecci\u00f3n de la biodiversidad ant\u00e1rtica guarda directa relaci\u00f3n con la\ndeterminaci\u00f3n de los gobiernos y su compromiso con un \u00e1rea que merece ser\nresguardada, la colombiana Baptiste encuentra en la crisis que vive el cacao en\nsu pa\u00eds, la forma perfecta para llamar la atenci\u00f3n sobre los efectos de la\nacci\u00f3n humana.<\/p>\n\n\n\n<p>\u201cMe parece fabuloso que se haya\nconstruido esta iniciativa sobre todo para inspirar a la gente, para llamar la\natenci\u00f3n sobre lo maravilloso que es el planeta, lo que se est\u00e1 haciendo en\nAnt\u00e1rtida y la responsabilidad que todos tenemos al respecto para ser muy\ncreativos porque aqu\u00ed se requiere mucha creatividad\u201d, dijo Baptiste y agreg\u00f3\nque \u201cel chocolate es un buen ejemplo de c\u00f3mo el cambio global tiene expresiones\nlocales relacionadas con el clima y todo lo que pasa en el extremo sur del continente\nse refleja en el Ecuador y viceversa\u201d.<\/p>\n\n\n\n<p>La bi\u00f3loga explica de esta manera\nla relaci\u00f3n entre cacao y Ant\u00e1rtica: \u201cel calentamiento global y todos los\nefectos de la contaminaci\u00f3n con CO2 est\u00e1n acabando con el cacao y, al mismo\ntiempo, la b\u00fasqueda de sembrar m\u00e1s cacao y de abrir espacios en la selva para\nproducir generan m\u00e1s emisi\u00f3n de CO2 y deforestaci\u00f3n que afectan a la Ant\u00e1rtica\nentonces, hay una conexi\u00f3n local y global muy importante\u201d.<\/p>\n\n\n\n<p>El continente blanco como\nelemento clave para comprender los efectos del cambio clim\u00e1tico a nivel global,\nlas transformaciones manifestadas a lo largo del tiempo y la responsabilidad de\nla actividad humana en la regi\u00f3n polar fueron abordados por los panelistas que\nadem\u00e1s respondieron las preguntas del p\u00fablico.<\/p>\n\n\n\n<p><strong>Mejor vejez<\/strong><\/p>\n\n\n\n<p>El turno de la Neurociencia y la\ninteligencia artificial llegaron en la segunda parte de la jornada. Con el\nmismo entusiasmo y expectativas del comienzo, el heterog\u00e9neo auditorio sigui\u00f3\ncon atenci\u00f3n las presentaciones de Thomas Malone, Rob Knight y Giovanna\nMallucci.<\/p>\n\n\n\n<p>Para la senadora Carolina Goic, miembro\nde la Comisi\u00f3n Especial Desaf\u00edos del Futuro del Senado el Congreso Futuro busca\n\u201cacercar la ciencia a las personas, tomar conciencia de c\u00f3mo nuestras\nactuaciones pueden cambiar el mundo. Esta es una regi\u00f3n que ha sido pionera en\nesa materia. En temas de envejecimiento somos una regi\u00f3n que tiene mucho que\ndecir y mucho que decir, somos una regi\u00f3n con alto porcentaje de adultos\nmayores y uno dice ah\u00ed, c\u00f3mo aportamos para que vivir m\u00e1s a\u00f1os signifique una\nalegr\u00eda, una oportunidad y no a veces, una mala noticia para la gente\u201d, coment\u00f3\nla parlamentaria.<\/p>\n\n\n\n<p>Precisamente, sobre la vejez y\nlos avances en la investigaci\u00f3n para encontrar respuestas que ayuden a\nminimizar los alcances de enfermedades como el Alzheimer, Mallucci se refiri\u00f3\nal futuro de los tratamientos de la demencia.<\/p>\n\n\n\n<p>\u201cEstamos mejorando los efectos de\nla enfermedad dentro de los pr\u00f3ximos dos o tres a\u00f1os. B\u00e1sicamente, esa mejora\nes la que est\u00e1 impulsando nuestro trabajo. Pero, la posibilidad de mejorar la vejez\nes una posibilidad real\u201d, asegur\u00f3 la doctora en neurogen\u00e9tica.<\/p>\n\n\n\n<p>Desarrollo de estudios y t\u00e9cnicas\nde investigaci\u00f3n en alianza con las nuevas tecnolog\u00edas disponibles y en\nconstante evoluci\u00f3n, as\u00ed, el doctor en psicolog\u00eda social y cognitiva Thomas\nMalone, resume lo que llama \u201csuperminds\u201d o supermentes, concepto que describe \u201cc\u00f3mo\nlas computadoras y las personas trabajan en conjunto. Creo que nuestra\nhabilidad de trabajar en conjunto con las computadoras es la clave para el\nfuturo de nuestra especie\u201d.<\/p>\n\n\n\n<p>Participaci\u00f3n entusiasta de\nadultos, j\u00f3venes y ni\u00f1os que completaron la capacidad del teatro municipal para\nhacer el ejercicio de una reflexi\u00f3n conjunta, entre ciudadan\u00eda y las mentes m\u00e1s\nbrillantes del mundo para intentar responder a la interrogante \u00bfqu\u00e9 especie\nqueremos ser?, pregunta abierta que m\u00e1s que respuestas, pretender despertar las\nconciencias sobre c\u00f3mo interactuamos con nuestro entorno y qu\u00e9 tipo de planeta\nrecibir\u00e1n las futuras generaciones de magall\u00e1nicos.<\/p>\n","protected":false},"excerpt":{"rendered":"<p>Los asistentes ocuparon r\u00e1pidamente las butacas del Teatro Municipal de Punta Arenas Jos\u00e9 Bohr a la espera de la presentaci\u00f3n de los destacados cient\u00edficos internacionales que dieron vida a la&#8230; <a class=\"read-more\" href=\"https:\/\/www.radiopresidenteibanez.cl\/web\/mas-de-400-personas-asistieron-a-una-verdadera-fiesta-del-pensamiento-en-magallanes\/\">Leer m\u00e1s<\/a><\/p>\n","protected":false},"author":2,"featured_media":519,"comment_status":"closed","ping_status":"closed","sticky":false,"template":"","format":"standard","meta":{"footnotes":""},"categories":[1],"tags":[],"class_list":["post-518","post","type-post","status-publish","format-standard","has-post-thumbnail","hentry","category-cronica"],"_links":{"self":[{"href":"https:\/\/www.radiopresidenteibanez.cl\/web\/wp-json\/wp\/v2\/posts\/518","targetHints":{"allow":["GET"]}}],"collection":[{"href":"https:\/\/www.radiopresidenteibanez.cl\/web\/wp-json\/wp\/v2\/posts"}],"about":[{"href":"https:\/\/www.radiopresidenteibanez.cl\/web\/wp-json\/wp\/v2\/types\/post"}],"author":[{"embeddable":true,"href":"https:\/\/www.radiopresidenteibanez.cl\/web\/wp-json\/wp\/v2\/users\/2"}],"replies":[{"embeddable":true,"href":"https:\/\/www.radiopresidenteibanez.cl\/web\/wp-json\/wp\/v2\/comments?post=518"}],"version-history":[{"count":0,"href":"https:\/\/www.radiopresidenteibanez.cl\/web\/wp-json\/wp\/v2\/posts\/518\/revisions"}],"wp:featuredmedia":[{"embeddable":true,"href":"https:\/\/www.radiopresidenteibanez.cl\/web\/wp-json\/wp\/v2\/media\/519"}],"wp:attachment":[{"href":"https:\/\/www.radiopresidenteibanez.cl\/web\/wp-json\/wp\/v2\/media?parent=518"}],"wp:term":[{"taxonomy":"category","embeddable":true,"href":"https:\/\/www.radiopresidenteibanez.cl\/web\/wp-json\/wp\/v2\/categories?post=518"},{"taxonomy":"post_tag","embeddable":true,"href":"https:\/\/www.radiopresidenteibanez.cl\/web\/wp-json\/wp\/v2\/tags?post=518"}],"curies":[{"name":"wp","href":"https:\/\/api.w.org\/{rel}","templated":true}]}}